{"id":3967,"date":"2016-09-29T17:18:12","date_gmt":"2016-09-29T20:18:12","guid":{"rendered":"http:\/\/2015.defensoriaformosa.gob.ar\/?p=3967"},"modified":"2016-09-29T17:18:12","modified_gmt":"2016-09-29T20:18:12","slug":"aumenta-malestar-de-pobladores-del-oeste-por-cortes-de-la-rn-81","status":"publish","type":"post","link":"https:\/\/defensoriaformosa.gob.ar\/?p=3967","title":{"rendered":"AUMENTA MALESTAR DE POBLADORES DEL OESTE POR CORTES DE LA RN 81"},"content":{"rendered":"<p style=\"text-align: justify;\"><strong>La Defensor\u00eda denuncia inacci\u00f3n de la Justicia Federal y de las Autoridades Nacionales.<\/strong><\/p>\n<p style=\"text-align: justify;\"><!--more--><\/p>\n<p style=\"text-align: justify;\">Ya son tres los cortes que se registran sobre la Ruta Nacional 81, dos, en cercan\u00edas de Las Lomitas, que datan de semanas, y uno \u00faltimo que comenz\u00f3 a hacerse efectivo en estos d\u00edas, en inmediaciones de Palo Santo. Frente a esta situaci\u00f3n, crece el descontento de vecinos de ambas localidades y las aleda\u00f1as, del Oeste de la Provincia, quienes, diariamente, ven entorpecido su tr\u00e1nsito, a y desde el lugar de su residencia, situaci\u00f3n que impacta igualmente a las actividades educativas, industriales, comerciales sociales y culturales de las diversas comunidades afectadas.<\/p>\n<p style=\"text-align: justify;\">Desde la Defensor\u00eda del Pueblo de la Provincia, sin perjuicio de dejar a salvo el derecho de peticionar a las autoridades de los manifestantes, que es propio de la vida Democr\u00e1tica, subrayaron que han recibido solicitudes de intervenci\u00f3n de pobladores, autoridades comunales y referentes de los diversos n\u00facleos urbanos que est\u00e1n siendo afectados por las medidas. El Defensor del Pueblo, Jos\u00e9 Leonardo Gialluca, expres\u00f3 que: \u201cFrente a tales requisitorias, se realizaron denuncias tanto en los fueros provinciales, por los delitos de da\u00f1os y amenazas; como los federales de la Justicia, por infracci\u00f3n al Art. 194 del C\u00f3digo Penal Argentino. Estando en tr\u00e1mite las respectivas causas. Lo que llama la atenci\u00f3n, destac\u00f3 el Ombudsman Provincial, es la inacci\u00f3n de las autoridades del Gobierno Nacional y de la Justicia Federal, para zanjar la actual situaci\u00f3n en el Oeste Formose\u00f1o, la cual tiene, virtualmente, de rehenes a millares de familias que est\u00e1n a expensas de los vaivenes de quienes, esgrimiendo o no justas razones, impiden la libre circulaci\u00f3n por una v\u00eda p\u00fablica. En este sentido, Gialluca, destac\u00f3 que se ha dado un retroceso, pues en los \u00faltimos cortes de rutas, registrados en esta capital, Clorinda y sobre la Ruta 86, de manera inmediata de sucedido los hechos, se hab\u00edan librado \u00f3rdenes de privilegiar el tr\u00e1nsito por los caminos comunitarios y fueron acatadas por los manifestantes. En esta \u00faltima ocasi\u00f3n \u201cno sucedi\u00f3 ni sucede as\u00ed\u201d, remarc\u00f3 el funcionario, precisamente en momentos en que esper\u00e1bamos que nuestra justicia y autoridades competentes act\u00faen con m\u00e1s firmeza, pues ha mediando la presencia de personas violentas en los piquetes, individuos que no son originarios de los sitios afectados, sino que son del Chaco y otras localidades, quienes se presentaron con los rostros cubiertos y esgrimiendo armas, amenazando a los particulares y destruyendo la propiedad p\u00fablica. As\u00ed como abrimos las puertas a todos aquellos que se plieguen al di\u00e1logo, respetando los derechos de los particulares a transitar libremente, as\u00ed como la propiedad p\u00fablica, tambi\u00e9n hemos formulado las denuncias correspondientes contra los violentos. Esperamos que tanto el Estado Nacional, a trav\u00e9s de la Gendarmer\u00eda, como la Justicia Federal, por intermedio del Juez interviniente y la Fiscal\u00eda Penal Federal, pongan las cosas en su lugar, tal y como se lo solicitamos, salvaguardando la integridad f\u00edsica de los manifestantes, como sus derechos humanos, pero haciendo valer el inter\u00e9s superior de toda una sociedad que demanda el ejercicio de su derecho a poder circular en libertad por sus rutas y caminos.-\u201d<\/p>\n","protected":false},"excerpt":{"rendered":"<p>La Defensor\u00eda denuncia inacci\u00f3n de la Justicia Federal y de las Autoridades Nacionales.<\/p>\n","protected":false},"author":1,"featured_media":3968,"comment_status":"closed","ping_status":"closed","sticky":false,"template":"","format":"standard","meta":{"footnotes":""},"categories":[4,1,7],"tags":[],"class_list":["post-3967","post","type-post","status-publish","format-standard","has-post-thumbnail","hentry","category-ddhh","category-noticias","category-seguridad-vial"],"_links":{"self":[{"href":"https:\/\/defensoriaformosa.gob.ar\/index.php?rest_route=\/wp\/v2\/posts\/3967","targetHints":{"allow":["GET"]}}],"collection":[{"href":"https:\/\/defensoriaformosa.gob.ar\/index.php?rest_route=\/wp\/v2\/posts"}],"about":[{"href":"https:\/\/defensoriaformosa.gob.ar\/index.php?rest_route=\/wp\/v2\/types\/post"}],"author":[{"embeddable":true,"href":"https:\/\/defensoriaformosa.gob.ar\/index.php?rest_route=\/wp\/v2\/users\/1"}],"replies":[{"embeddable":true,"href":"https:\/\/defensoriaformosa.gob.ar\/index.php?rest_route=%2Fwp%2Fv2%2Fcomments&post=3967"}],"version-history":[{"count":1,"href":"https:\/\/defensoriaformosa.gob.ar\/index.php?rest_route=\/wp\/v2\/posts\/3967\/revisions"}],"predecessor-version":[{"id":3969,"href":"https:\/\/defensoriaformosa.gob.ar\/index.php?rest_route=\/wp\/v2\/posts\/3967\/revisions\/3969"}],"wp:featuredmedia":[{"embeddable":true,"href":"https:\/\/defensoriaformosa.gob.ar\/index.php?rest_route=\/wp\/v2\/media\/3968"}],"wp:attachment":[{"href":"https:\/\/defensoriaformosa.gob.ar\/index.php?rest_route=%2Fwp%2Fv2%2Fmedia&parent=3967"}],"wp:term":[{"taxonomy":"category","embeddable":true,"href":"https:\/\/defensoriaformosa.gob.ar\/index.php?rest_route=%2Fwp%2Fv2%2Fcategories&post=3967"},{"taxonomy":"post_tag","embeddable":true,"href":"https:\/\/defensoriaformosa.gob.ar\/index.php?rest_route=%2Fwp%2Fv2%2Ftags&post=3967"}],"curies":[{"name":"wp","href":"https:\/\/api.w.org\/{rel}","templated":true}]}}