{"id":3962,"date":"2016-09-28T18:53:10","date_gmt":"2016-09-28T21:53:10","guid":{"rendered":"http:\/\/2015.defensoriaformosa.gob.ar\/?p=3962"},"modified":"2016-09-28T18:53:10","modified_gmt":"2016-09-28T21:53:10","slug":"la-defensoria-del-pueblo-reclamo-medidas-al-inadi-en-representacion-de-la-asociacion-educadores-originarios-hacia-el-programa-periodismo-para-todos-y-jorge-ernesto-lanata","status":"publish","type":"post","link":"https:\/\/defensoriaformosa.gob.ar\/?p=3962","title":{"rendered":"LA DEFENSOR\u00cdA DEL PUEBLO RECLAMO MEDIDAS AL INADI EN REPRESENTACION DE LA ASOCIACION \u201cEDUCADORES ORIGINARIOS\u201d, HACIA EL PROGRAMA  -PERIODISMO PARA TODOS- Y JORGE ERNESTO LANATA"},"content":{"rendered":"<p style=\"text-align: justify;\"><strong>La Asociaci\u00f3n sin fines de Lucro, \u201cEducadores Originarios\u201d con personer\u00eda Jur\u00eddica N\u00ba 92\/, presentaron una formal denuncia por discriminaci\u00f3n, xenofobia, calumnias y descalificaciones, contra el programa \u201cPeriodismo para Todos\u201d, que se emite por canal 13 de Buenos Aires y que conduce el periodista Jorge Ernesto Lanata; por ante la Defensor\u00eda del Pueblo.<\/strong><\/p>\n<p style=\"text-align: justify;\"><!--more--><\/p>\n<p style=\"text-align: justify;\">Expresan los integrantes de la Asociaci\u00f3n que en el programa emitido el 11 de septiembre del corriente a\u00f1o se manifestaron opiniones que fueron interpretadas y recibidas, como expresiones con sentimiento de odio y rechazo hacia los Pueblos Originarios.<\/p>\n<p style=\"text-align: justify;\">El Ombudsman Provincial, Dr. Jos\u00e9 Leonardo Gialluca, informo en consecuencia QUE se procedi\u00f3 al dictado de la Resoluci\u00f3n N\u00ba 260, de fecha 28 de septiembre del presente a\u00f1o, record\u00e1ndose que los Pueblos Originarios se encuentran reconocidos desde su preexistencia \u00e9tnica y cultural en nuestra Constituci\u00f3n Nacional y tambi\u00e9n en la Provincial, siendo que el Convenio 169 de la OIT- Organizaci\u00f3n Internacional del Trabajo, sobre pueblos ind\u00edgenas y tribales, fue ratificado por la Argentina en septiembre del a\u00f1o 2008 con el objetivo de superar las pr\u00e1cticas discriminatorias que afectan a los Pueblos Originarios.<\/p>\n<p style=\"text-align: justify;\">En la Resoluci\u00f3n antes citada, se deja en claro que el Defensor del Pueblo posee competencias preventivas y reparadoras y en funci\u00f3n de esta \u00faltima y teniendo en cuenta la denuncia realizada se resuelve, Sugerir al Interventor del INADI Nacional, Dr. Javier Bujan, y al Delegado local que procedan \u00a0a dictar los Instrumentos pertinentes a fin de poner en\u00a0 conocimiento de los denunciados, las imputaciones efectuadas por la Asociaci\u00f3n \u201cEducadores Originarios\u201d. Por otro lado en el Art. 2\u00ba, se Sugiri\u00f3 que a trav\u00e9s de los medios masivos de comunicaci\u00f3n, radio, televisi\u00f3n y otros, tengamos prudencia , sensatez y cordura al describir o emitir opiniones sobre las Comunidades Abor\u00edgenes de nuestro pa\u00eds que impliquen manifestaciones que puedan agraviar, deshonrar o injuriar a las mismas.<\/p>\n","protected":false},"excerpt":{"rendered":"<p>La Asociaci\u00f3n sin fines de Lucro, \u201cEducadores Originarios\u201d con personer\u00eda Jur\u00eddica N\u00ba 92\/, presentaron una formal denuncia por discriminaci\u00f3n, xenofobia, calumnias y descalificaciones, contra el programa \u201cPeriodismo para Todos\u201d, que se emite por canal 13 de Buenos Aires y que conduce el periodista Jorge Ernesto Lanata; por ante la Defensor\u00eda del Pueblo.<\/p>\n","protected":false},"author":1,"featured_media":3963,"comment_status":"closed","ping_status":"closed","sticky":false,"template":"","format":"standard","meta":{"footnotes":""},"categories":[1],"tags":[],"class_list":["post-3962","post","type-post","status-publish","format-standard","has-post-thumbnail","hentry","category-noticias"],"_links":{"self":[{"href":"https:\/\/defensoriaformosa.gob.ar\/index.php?rest_route=\/wp\/v2\/posts\/3962","targetHints":{"allow":["GET"]}}],"collection":[{"href":"https:\/\/defensoriaformosa.gob.ar\/index.php?rest_route=\/wp\/v2\/posts"}],"about":[{"href":"https:\/\/defensoriaformosa.gob.ar\/index.php?rest_route=\/wp\/v2\/types\/post"}],"author":[{"embeddable":true,"href":"https:\/\/defensoriaformosa.gob.ar\/index.php?rest_route=\/wp\/v2\/users\/1"}],"replies":[{"embeddable":true,"href":"https:\/\/defensoriaformosa.gob.ar\/index.php?rest_route=%2Fwp%2Fv2%2Fcomments&post=3962"}],"version-history":[{"count":1,"href":"https:\/\/defensoriaformosa.gob.ar\/index.php?rest_route=\/wp\/v2\/posts\/3962\/revisions"}],"predecessor-version":[{"id":3964,"href":"https:\/\/defensoriaformosa.gob.ar\/index.php?rest_route=\/wp\/v2\/posts\/3962\/revisions\/3964"}],"wp:featuredmedia":[{"embeddable":true,"href":"https:\/\/defensoriaformosa.gob.ar\/index.php?rest_route=\/wp\/v2\/media\/3963"}],"wp:attachment":[{"href":"https:\/\/defensoriaformosa.gob.ar\/index.php?rest_route=%2Fwp%2Fv2%2Fmedia&parent=3962"}],"wp:term":[{"taxonomy":"category","embeddable":true,"href":"https:\/\/defensoriaformosa.gob.ar\/index.php?rest_route=%2Fwp%2Fv2%2Fcategories&post=3962"},{"taxonomy":"post_tag","embeddable":true,"href":"https:\/\/defensoriaformosa.gob.ar\/index.php?rest_route=%2Fwp%2Fv2%2Ftags&post=3962"}],"curies":[{"name":"wp","href":"https:\/\/api.w.org\/{rel}","templated":true}]}}