{"id":3960,"date":"2016-09-28T18:51:15","date_gmt":"2016-09-28T21:51:15","guid":{"rendered":"http:\/\/2015.defensoriaformosa.gob.ar\/?p=3960"},"modified":"2016-09-28T18:51:15","modified_gmt":"2016-09-28T21:51:15","slug":"convocan-a-audiencias-publicas-para-revisar-tarifas-del-transporte-de-energia","status":"publish","type":"post","link":"https:\/\/defensoriaformosa.gob.ar\/?p=3960","title":{"rendered":"CONVOCAN A AUDIENCIAS PUBLICAS PARA REVISAR TARIFAS DEL TRANSPORTE DE ENERGIA"},"content":{"rendered":"<p style=\"text-align: justify;\"><strong>El Gobierno\u00a0 Nacional instruy\u00f3 en el d\u00eda de ayer al Ente Nacional Regulador de la Electricidad (ENRE) a avanzar con la revisi\u00f3n tarifaria integral de las empresas concesionarias del servicio p\u00fablico de transporte de energ\u00eda el\u00e9ctrica, con plazo hasta el 31 de enero y la obligaci\u00f3n de hacer audiencias p\u00fablicas.<\/strong><\/p>\n<p style=\"text-align: justify;\"><!--more--><\/p>\n<p style=\"text-align: justify;\">Desde la Defensor\u00eda del Pueblo se se\u00f1al\u00f3 que esto fue ordenado por el ministro de Energ\u00eda y Miner\u00eda Juan Jos\u00e9 Aranguren a trav\u00e9s de la\u00a0 Resoluci\u00f3n 196 &#8211; E\/2016 publicada en el Bolet\u00edn Oficial. El ENRE, dependiente del Ministerio de Energ\u00eda y Mineria \u00a0ser\u00e1 el encargado de llevar \u00aba cabo todos los actos que fueren necesarios a los efectos de proceder a la Revisi\u00f3n Tarifaria Integral de las empresas concesionarias del servicio p\u00fablico de transporte de energ\u00eda el\u00e9ctrica, la que deber\u00e1 estar finalizada antes del 31 de enero de 2017\u00bb.<\/p>\n<p style=\"text-align: justify;\">Se instruy\u00f3 adem\u00e1s al ENRE para que incorpore al objeto de las audiencias p\u00fablicas el tratamiento de la determinaci\u00f3n\u00a0 de los precios de referencia estacionales de la potencia y energ\u00eda en el Mercado El\u00e9ctrico Mayorista (MEM), los valores resultantes y su evoluci\u00f3n proyectada para los pr\u00f3ximos a\u00f1os. Asimismo, el organismo deber\u00e1 considerar como objeto de la audiencia p\u00fablica el tratamiento de\u00a0 los criterios utilizados para la implementaci\u00f3n del Plan Est\u00edmulo al ahorro de energ\u00eda el\u00e9ctrica, con incidencia en una disminuci\u00f3n del precio estacional mayorista.<\/p>\n","protected":false},"excerpt":{"rendered":"<p>El Gobierno\u00a0 Nacional instruy\u00f3 en el d\u00eda de ayer al Ente Nacional Regulador de la Electricidad (ENRE) a avanzar con la revisi\u00f3n tarifaria integral de las empresas concesionarias del servicio p\u00fablico de transporte de energ\u00eda el\u00e9ctrica, con plazo hasta el 31 de enero y la obligaci\u00f3n de hacer audiencias p\u00fablicas.<\/p>\n","protected":false},"author":1,"featured_media":3909,"comment_status":"closed","ping_status":"closed","sticky":false,"template":"","format":"standard","meta":{"footnotes":""},"categories":[1],"tags":[],"class_list":["post-3960","post","type-post","status-publish","format-standard","has-post-thumbnail","hentry","category-noticias"],"_links":{"self":[{"href":"https:\/\/defensoriaformosa.gob.ar\/index.php?rest_route=\/wp\/v2\/posts\/3960","targetHints":{"allow":["GET"]}}],"collection":[{"href":"https:\/\/defensoriaformosa.gob.ar\/index.php?rest_route=\/wp\/v2\/posts"}],"about":[{"href":"https:\/\/defensoriaformosa.gob.ar\/index.php?rest_route=\/wp\/v2\/types\/post"}],"author":[{"embeddable":true,"href":"https:\/\/defensoriaformosa.gob.ar\/index.php?rest_route=\/wp\/v2\/users\/1"}],"replies":[{"embeddable":true,"href":"https:\/\/defensoriaformosa.gob.ar\/index.php?rest_route=%2Fwp%2Fv2%2Fcomments&post=3960"}],"version-history":[{"count":1,"href":"https:\/\/defensoriaformosa.gob.ar\/index.php?rest_route=\/wp\/v2\/posts\/3960\/revisions"}],"predecessor-version":[{"id":3961,"href":"https:\/\/defensoriaformosa.gob.ar\/index.php?rest_route=\/wp\/v2\/posts\/3960\/revisions\/3961"}],"wp:featuredmedia":[{"embeddable":true,"href":"https:\/\/defensoriaformosa.gob.ar\/index.php?rest_route=\/wp\/v2\/media\/3909"}],"wp:attachment":[{"href":"https:\/\/defensoriaformosa.gob.ar\/index.php?rest_route=%2Fwp%2Fv2%2Fmedia&parent=3960"}],"wp:term":[{"taxonomy":"category","embeddable":true,"href":"https:\/\/defensoriaformosa.gob.ar\/index.php?rest_route=%2Fwp%2Fv2%2Fcategories&post=3960"},{"taxonomy":"post_tag","embeddable":true,"href":"https:\/\/defensoriaformosa.gob.ar\/index.php?rest_route=%2Fwp%2Fv2%2Ftags&post=3960"}],"curies":[{"name":"wp","href":"https:\/\/api.w.org\/{rel}","templated":true}]}}