{"id":3957,"date":"2016-09-27T17:27:33","date_gmt":"2016-09-27T20:27:33","guid":{"rendered":"http:\/\/2015.defensoriaformosa.gob.ar\/?p=3957"},"modified":"2016-09-27T17:27:33","modified_gmt":"2016-09-27T20:27:33","slug":"el-defensor-del-pueblo-denuncio-que-en-los-cortes-de-ruta-no-es-necesario-taparse-los-rostros-y-estar-armados-para-pedir-una-vivienda-al-estado","status":"publish","type":"post","link":"https:\/\/defensoriaformosa.gob.ar\/?p=3957","title":{"rendered":"EL DEFENSOR DEL PUEBLO DENUNCIO QUE EN LOS CORTES DE RUTA \u201cNO ES NECESARIO TAPARSE LOS ROSTROS Y ESTAR ARMADOS  PARA PEDIR UNA VIVIENDA AL ESTADO\u201d"},"content":{"rendered":"<p style=\"text-align: justify;\"><strong>Prosigue el corte de la Ruta Nacional N\u00ba 81 a la altura de la Ciudad de Las Lomitas, y en el d\u00eda de ayer, la Defensor\u00eda del Pueblo informo que desde las 13 horas y por 2 horas habilitan el paso de todo tipo de veh\u00edculos y luego cortan totalmente la traza por 8 horas y as\u00ed sucesivamente.<\/strong><\/p>\n<p style=\"text-align: justify;\"><!--more--><\/p>\n<p style=\"text-align: justify;\">El Ombudsman Provincial, se\u00f1alo que el peque\u00f1o camino alternativo , abierto por las autoridades municipales, a cargo de Atilio Basualdo , permiten que todo nuestro Oeste provincial no se encuentre hoy totalmente aislado , como consecuencia de los delitos que llevan adelante un grupo de originarios de la zona.<\/p>\n<p style=\"text-align: justify;\">Esperamos que en el d\u00eda de la fecha, la Justicia Federal tome una decisi\u00f3n al respecto y ordene liberar la Ruta Nacional N\u00ba 81 e imputar penalmente a estos ciudadanos , \u201c que para demandar viviendas se cubren sus rostros con pasamonta\u00f1as u otros elementos , lo que deja a las claras que sus fines no son l\u00edcitos , pues quien requiere algo dentro de la ley y por los caminos institucionales establecidos , no deben esconder sus caras como si fueran delincuentes que est\u00e1n robando o hurtando algo o cometiendo conductas\u00a0 ilegales\u201d<\/p>\n<p style=\"text-align: justify;\">Desde el Organismo de la Constituci\u00f3n, se dejo bien en claro , que nadie puede ser ingenuo en estos cortes de ruta , que de por si constituyen un delito para nuestro c\u00f3digo penal y en donde se perjudica a ciudadanos , a sectores comerciales , peque\u00f1os productores y otros que no poseen responsabilidad alguna y si todo el derecho de transitar libremente las rutas y caminos de nuestra provincia.<\/p>\n<p style=\"text-align: justify;\">Estas acciones adem\u00e1s de ser delictuales , tienen tambi\u00e9n un fuerte trasfondo pol\u00edtico y quienes \u201cfogonean\u201d a los cortes , los mueven otros intereses , que no son justamente la de los ciudadanos que trabajan todos los d\u00edas para que sus familias puedan acceder a los bienes necesarios y pagar los servicios p\u00fablicos esenciales y por ello esperamos que la justicia investigue tambi\u00e9n a los autores intelectuales de estos cortes de ruta , pues son tan responsables o mas que los actuales autores materiales .<\/p>\n","protected":false},"excerpt":{"rendered":"<p>Prosigue el corte de la Ruta Nacional N\u00ba 81 a la altura de la Ciudad de Las Lomitas, y en el d\u00eda de ayer, la Defensor\u00eda del Pueblo informo que desde las 13 horas y por 2 horas habilitan el paso de todo tipo de veh\u00edculos y luego cortan totalmente la traza por 8 horas [&hellip;]<\/p>\n","protected":false},"author":1,"featured_media":3958,"comment_status":"closed","ping_status":"closed","sticky":false,"template":"","format":"standard","meta":{"footnotes":""},"categories":[4,1,7],"tags":[],"class_list":["post-3957","post","type-post","status-publish","format-standard","has-post-thumbnail","hentry","category-ddhh","category-noticias","category-seguridad-vial"],"_links":{"self":[{"href":"https:\/\/defensoriaformosa.gob.ar\/index.php?rest_route=\/wp\/v2\/posts\/3957","targetHints":{"allow":["GET"]}}],"collection":[{"href":"https:\/\/defensoriaformosa.gob.ar\/index.php?rest_route=\/wp\/v2\/posts"}],"about":[{"href":"https:\/\/defensoriaformosa.gob.ar\/index.php?rest_route=\/wp\/v2\/types\/post"}],"author":[{"embeddable":true,"href":"https:\/\/defensoriaformosa.gob.ar\/index.php?rest_route=\/wp\/v2\/users\/1"}],"replies":[{"embeddable":true,"href":"https:\/\/defensoriaformosa.gob.ar\/index.php?rest_route=%2Fwp%2Fv2%2Fcomments&post=3957"}],"version-history":[{"count":1,"href":"https:\/\/defensoriaformosa.gob.ar\/index.php?rest_route=\/wp\/v2\/posts\/3957\/revisions"}],"predecessor-version":[{"id":3959,"href":"https:\/\/defensoriaformosa.gob.ar\/index.php?rest_route=\/wp\/v2\/posts\/3957\/revisions\/3959"}],"wp:featuredmedia":[{"embeddable":true,"href":"https:\/\/defensoriaformosa.gob.ar\/index.php?rest_route=\/wp\/v2\/media\/3958"}],"wp:attachment":[{"href":"https:\/\/defensoriaformosa.gob.ar\/index.php?rest_route=%2Fwp%2Fv2%2Fmedia&parent=3957"}],"wp:term":[{"taxonomy":"category","embeddable":true,"href":"https:\/\/defensoriaformosa.gob.ar\/index.php?rest_route=%2Fwp%2Fv2%2Fcategories&post=3957"},{"taxonomy":"post_tag","embeddable":true,"href":"https:\/\/defensoriaformosa.gob.ar\/index.php?rest_route=%2Fwp%2Fv2%2Ftags&post=3957"}],"curies":[{"name":"wp","href":"https:\/\/api.w.org\/{rel}","templated":true}]}}