{"id":3955,"date":"2016-09-27T17:22:05","date_gmt":"2016-09-27T20:22:05","guid":{"rendered":"http:\/\/2015.defensoriaformosa.gob.ar\/?p=3955"},"modified":"2016-09-27T17:22:05","modified_gmt":"2016-09-27T20:22:05","slug":"frente-a-la-suspension-del-aumento-de-tarifas-de-gas-para-las-pymes-en-todo-el-pais-la-defensoria-del-pueblo-exigio-que-se-cumpla-con-el-fallo-de-la-corte-por-parte-del-gobierno-nacional","status":"publish","type":"post","link":"https:\/\/defensoriaformosa.gob.ar\/?p=3955","title":{"rendered":"FRENTE A LA SUSPENSION DEL AUMENTO DE TARIFAS DE GAS PARA LAS PYMES EN TODO EL PAIS, LA DEFENSORIA DEL PUEBLO EXIGIO QUE SE CUMPLA CON EL FALLO DE LA CORTE POR PARTE DEL GOBIERNO NACIONAL"},"content":{"rendered":"<p style=\"text-align: justify;\"><strong>Ante la decisi\u00f3n del \u00a0juez federal de C\u00f3rdoba Miguel Vaca Narvaja de suspender en todo el pa\u00eds los aumentos de gas para las peque\u00f1as y medianas empresas y comercios, que hab\u00edan quedado excluidas del freno del incremento que la Corte Suprema hab\u00eda dispuesto \u00fanicamente para los usuarios residenciales, el Ombudsman Provincial, Dr. Jos\u00e9 Leonardo Gialluca, considero, que avalaba la decisi\u00f3n judicial , puesto que el Gobierno Nacional , no respeto , ni respeta el fallo de la Corte Suprema de Justicia, en cuanto a que los aumentos en las tarifas de los servicios p\u00fablicos esenciales, tienen que guiarse por los principios de progresividad , proporcionalidad y razonabilidad.<\/strong><\/p>\n<p style=\"text-align: justify;\"><!--more--><\/p>\n<p style=\"text-align: justify;\">Se dispuso tambi\u00e9n que el \u00a0ENARGAS instruya a las empresas prestatarias a retrotraer las tarifas para las Pymes al 31 de marzo pasado y mantenerlas \u00absin variaci\u00f3n alguna\u00bb hasta el 27 de diciembre pr\u00f3ximo.<\/p>\n<p style=\"text-align: justify;\">El Magistrado tambi\u00e9n orden\u00f3 al ENARGAS que instruya a las empresas prestatarias para la refacturaci\u00f3n de los consumos efectuados desde el 1 de abril \u00faltimo hasta la fecha y que posibilite \u00abel pago de las facturas adeudadas en cuatro cuotas mensuales, iguales y consecutivas, sin intereses ni recargos\u00bb.<\/p>\n<p style=\"text-align: justify;\">Gialluca considero que la medida cautelar dictada por el juez federal de C\u00f3rdoba\u00a0 Miguel Vaca Narvaja, se relaciona con la realidad social, econ\u00f3mica y pol\u00edtica que estamos viviendo los usuarios residenciales y en este caso puntual las PyMES , pues si llegan facturas que no se pueden pagar ,es porque no se respetan los principios que ordeno la Corte Suprema y seguramente el Gobierno Nacional, apelara esta medida , pero lo que necesitamos todos es tener certidumbre , para poder planificar nuestras actividades familiares y comerciales , de lo contrario la falta de previsibilidad , hace que el Poder Judicial este reemplazando actualmente al Ejecutivo Nacional en materia de implementaci\u00f3n de pol\u00edticas p\u00fablicas en relaci\u00f3n a servicios esenciales .<\/p>\n","protected":false},"excerpt":{"rendered":"<p>Ante la decisi\u00f3n del \u00a0juez federal de C\u00f3rdoba Miguel Vaca Narvaja de suspender en todo el pa\u00eds los aumentos de gas para las peque\u00f1as y medianas empresas y comercios, que hab\u00edan quedado excluidas del freno del incremento que la Corte Suprema hab\u00eda dispuesto \u00fanicamente para los usuarios residenciales, el Ombudsman Provincial, Dr. Jos\u00e9 Leonardo Gialluca, [&hellip;]<\/p>\n","protected":false},"author":1,"featured_media":3909,"comment_status":"closed","ping_status":"closed","sticky":false,"template":"","format":"standard","meta":{"footnotes":""},"categories":[1,3],"tags":[],"class_list":["post-3955","post","type-post","status-publish","format-standard","has-post-thumbnail","hentry","category-noticias","category-defensa-de-los-derechos-del-usuario-consumidor-contribuyentes"],"_links":{"self":[{"href":"https:\/\/defensoriaformosa.gob.ar\/index.php?rest_route=\/wp\/v2\/posts\/3955","targetHints":{"allow":["GET"]}}],"collection":[{"href":"https:\/\/defensoriaformosa.gob.ar\/index.php?rest_route=\/wp\/v2\/posts"}],"about":[{"href":"https:\/\/defensoriaformosa.gob.ar\/index.php?rest_route=\/wp\/v2\/types\/post"}],"author":[{"embeddable":true,"href":"https:\/\/defensoriaformosa.gob.ar\/index.php?rest_route=\/wp\/v2\/users\/1"}],"replies":[{"embeddable":true,"href":"https:\/\/defensoriaformosa.gob.ar\/index.php?rest_route=%2Fwp%2Fv2%2Fcomments&post=3955"}],"version-history":[{"count":1,"href":"https:\/\/defensoriaformosa.gob.ar\/index.php?rest_route=\/wp\/v2\/posts\/3955\/revisions"}],"predecessor-version":[{"id":3956,"href":"https:\/\/defensoriaformosa.gob.ar\/index.php?rest_route=\/wp\/v2\/posts\/3955\/revisions\/3956"}],"wp:featuredmedia":[{"embeddable":true,"href":"https:\/\/defensoriaformosa.gob.ar\/index.php?rest_route=\/wp\/v2\/media\/3909"}],"wp:attachment":[{"href":"https:\/\/defensoriaformosa.gob.ar\/index.php?rest_route=%2Fwp%2Fv2%2Fmedia&parent=3955"}],"wp:term":[{"taxonomy":"category","embeddable":true,"href":"https:\/\/defensoriaformosa.gob.ar\/index.php?rest_route=%2Fwp%2Fv2%2Fcategories&post=3955"},{"taxonomy":"post_tag","embeddable":true,"href":"https:\/\/defensoriaformosa.gob.ar\/index.php?rest_route=%2Fwp%2Fv2%2Ftags&post=3955"}],"curies":[{"name":"wp","href":"https:\/\/api.w.org\/{rel}","templated":true}]}}