{"id":3952,"date":"2016-09-27T16:57:04","date_gmt":"2016-09-27T19:57:04","guid":{"rendered":"http:\/\/2015.defensoriaformosa.gob.ar\/?p=3952"},"modified":"2016-09-27T16:57:04","modified_gmt":"2016-09-27T19:57:04","slug":"relevamiento-de-la-defensoria-del-pueblo-el-dia-de-ayer-en-el-sector-de-la-salud-arrojo-que-el-paro-tuvo-un-bajo-acatamiento","status":"publish","type":"post","link":"https:\/\/defensoriaformosa.gob.ar\/?p=3952","title":{"rendered":"RELEVAMIENTO DE LA DEFENSORIA DEL PUEBLO EL DIA DE AYER EN EL SECTOR DE LA SALUD, ARROJO QUE EL PARO TUVO UN BAJO ACATAMIENTO"},"content":{"rendered":"<p style=\"text-align: justify;\"><strong>Con motivo de las medidas de fuerza llevadas a cabo en el d\u00eda de ayer desde la \u2013 Direcci\u00f3n de Salud y Vivienda-,\u00a0 de la Defensor\u00eda del Pueblo de la Provincia de Formosa, se concret\u00f3 un relevamiento en diferentes nosocomios y centros de salud de la ciudad capital, con el objetivo de preservar las atenciones -urgentes e indispensables- que demandan los ciudadanos y que se encuadran dentro de sus \u00a0derechos a la salud.<\/strong><\/p>\n<p style=\"text-align: justify;\"><!--more--><\/p>\n<p style=\"text-align: justify;\">El Ombudsman Provincial, Dr. Jos\u00e9 Leonardo Gialluca, se\u00f1alo que el resultado de los recorridos arrojaron que: en el Hospital Central la atenci\u00f3n fue normal con solamente 3 personas que no acudieron a sus trabajos injustificadamente. En relaci\u00f3n al Hospital de la Madre y el Ni\u00f1o, Hospital de Alta Complejidad, Hospital de D\u00eda del B\u00ba 2 de Abril, todos ellos desarrollaron una actividad absolutamente normal con un 0%de ausencia de personal administrativo, profesionales y de otras \u00e1reas.<\/p>\n<p style=\"text-align: justify;\">Asimismo en lo que respecta a los Centros de Salud visitados: el Mario Krimer, a cargo de la Dra. Prezel Edith, el del B\u00ba 7 de Mayo, a cargo de Dra. Viera, B\u00ba Liborsi, Dra. Diaz Lorena, B\u00ba San Francisco, Diaz Lorenzo, Guadalupe, Molina Liliana, La Pilar, Mart\u00ednez Laura, Itati , Guevara Alejandro, Villa del Carmen, Gonz\u00e1lez Roberto, 8 de Octubre, Dr. Silva Marcelo, B\u00ba Antenor Gauna, Dr. Barrientos Guillermo, Eva Per\u00f3n, Dr. Mastori, Namqom, Dra. Cabral Patricia, Juan Domingo Per\u00f3n, Dra. Coronel Liliana, San Agust\u00edn, Lic. Blanco Mariana y B\u00ba San Antonio, Guillar Carina, prestaron en el d\u00eda de ayer su atenci\u00f3n a los vecinos de manera normal.<\/p>\n<p style=\"text-align: justify;\">En lo que respecta al tercer paro nacional en poco m\u00e1s de un mes en el sector educativo, se pudo observar un dis\u00edmil e importante acatamiento en los establecimientos p\u00fablicos, d\u00e1ndose el\u00a0 dictado de clases en los sectores privados sin inconvenientes.<\/p>\n","protected":false},"excerpt":{"rendered":"<p>Con motivo de las medidas de fuerza llevadas a cabo en el d\u00eda de ayer desde la \u2013 Direcci\u00f3n de Salud y Vivienda-,\u00a0 de la Defensor\u00eda del Pueblo de la Provincia de Formosa, se concret\u00f3 un relevamiento en diferentes nosocomios y centros de salud de la ciudad capital, con el objetivo de preservar las atenciones [&hellip;]<\/p>\n","protected":false},"author":1,"featured_media":3953,"comment_status":"closed","ping_status":"closed","sticky":false,"template":"","format":"standard","meta":{"footnotes":""},"categories":[1],"tags":[],"class_list":["post-3952","post","type-post","status-publish","format-standard","has-post-thumbnail","hentry","category-noticias"],"_links":{"self":[{"href":"https:\/\/defensoriaformosa.gob.ar\/index.php?rest_route=\/wp\/v2\/posts\/3952","targetHints":{"allow":["GET"]}}],"collection":[{"href":"https:\/\/defensoriaformosa.gob.ar\/index.php?rest_route=\/wp\/v2\/posts"}],"about":[{"href":"https:\/\/defensoriaformosa.gob.ar\/index.php?rest_route=\/wp\/v2\/types\/post"}],"author":[{"embeddable":true,"href":"https:\/\/defensoriaformosa.gob.ar\/index.php?rest_route=\/wp\/v2\/users\/1"}],"replies":[{"embeddable":true,"href":"https:\/\/defensoriaformosa.gob.ar\/index.php?rest_route=%2Fwp%2Fv2%2Fcomments&post=3952"}],"version-history":[{"count":1,"href":"https:\/\/defensoriaformosa.gob.ar\/index.php?rest_route=\/wp\/v2\/posts\/3952\/revisions"}],"predecessor-version":[{"id":3954,"href":"https:\/\/defensoriaformosa.gob.ar\/index.php?rest_route=\/wp\/v2\/posts\/3952\/revisions\/3954"}],"wp:featuredmedia":[{"embeddable":true,"href":"https:\/\/defensoriaformosa.gob.ar\/index.php?rest_route=\/wp\/v2\/media\/3953"}],"wp:attachment":[{"href":"https:\/\/defensoriaformosa.gob.ar\/index.php?rest_route=%2Fwp%2Fv2%2Fmedia&parent=3952"}],"wp:term":[{"taxonomy":"category","embeddable":true,"href":"https:\/\/defensoriaformosa.gob.ar\/index.php?rest_route=%2Fwp%2Fv2%2Fcategories&post=3952"},{"taxonomy":"post_tag","embeddable":true,"href":"https:\/\/defensoriaformosa.gob.ar\/index.php?rest_route=%2Fwp%2Fv2%2Ftags&post=3952"}],"curies":[{"name":"wp","href":"https:\/\/api.w.org\/{rel}","templated":true}]}}