{"id":3949,"date":"2016-09-27T16:54:16","date_gmt":"2016-09-27T19:54:16","guid":{"rendered":"http:\/\/2015.defensoriaformosa.gob.ar\/?p=3949"},"modified":"2016-09-27T16:54:16","modified_gmt":"2016-09-27T19:54:16","slug":"se-llevo-a-cabo-reunion-en-la-defensoria-del-pueblo-con-el-gerente-institucional-de-unitan-para-evaluar-los-procesos-de-investigacion-y-control-que-se-desarrollan-actualmente","status":"publish","type":"post","link":"https:\/\/defensoriaformosa.gob.ar\/?p=3949","title":{"rendered":"SE LLEVO A CABO REUNION EN LA DEFENSORIA DEL PUEBLO CON EL GERENTE INSTITUCIONAL DE UNITAN PARA EVALUAR LOS PROCESOS DE INVESTIGACION Y CONTROL QUE SE DESARROLLAN ACTUALMENTE"},"content":{"rendered":"<p style=\"text-align: justify;\"><strong>El Gerente Institucional de UNITAN SAICA, Sr. Antonio Gil, se reuni\u00f3 en la sede de la Defensor\u00eda del Pueblo con el Ombudsman Provincial, Dr. Jos\u00e9 Leonardo Gialluca y su Adjunta Dra. Sylvina Portillo.<\/strong><\/p>\n<p style=\"text-align: justify;\"><!--more--><\/p>\n<p style=\"text-align: justify;\">En dicho encuentro, se evaluaron las diferentes actividades de monitoreo, controles y otras acciones que llevan adelante ingenieros, t\u00e9cnicos y empleados de la empresa para determinar las causas o motivos, de los \u00faltimos acontecimientos sucedidos en la misma y que llevaron a la Defensor\u00eda del Pueblo a pedir la clausura de UNITAN ,\u00a0 para preservar la salubridad p\u00fablica , el ambiente y la biodiversidad de nuestro rio Paraguay.<\/p>\n<p style=\"text-align: justify;\">Se\u00f1alo el Se\u00f1or Antonio Gil, que ninguna de las actividades de la planta, en lo que respecta a la producci\u00f3n de tanino y de biomasa, se reactivaran , \u201chasta que no se tenga la absoluta y total seguridad de que ning\u00fan inconveniente como los denunciados puedan repetirse y para ello tambi\u00e9n se llevan adelante sumarios administrativos con la finalidad de deslindar responsabilidades si existieran dentro de la misma fabrica\u201d.<\/p>\n<p style=\"text-align: justify;\">El Defensor del Pueblo, le expreso que estamos a la espera de los resultados , de las investigaciones que llevan adelante , tanto el Ministerio de la Producci\u00f3n y Ambiente , la Subsecretaria de Recursos Naturales, Ordenamiento y Calidad Ambiental , la Polic\u00eda Ecol\u00f3gica, Prefectura Naval y el \u00e1rea competente\u00a0 de la Municipalidad de la Ciudad de Formosa; y reci\u00e9n a partir de all\u00ed, se podr\u00e1n tomar las decisiones pertinentes y brego para que este tema sea abordado con absoluta seriedad y no banalizado por determinados referentes de nuestra pol\u00edtica local.<\/p>\n","protected":false},"excerpt":{"rendered":"<p>El Gerente Institucional de UNITAN SAICA, Sr. Antonio Gil, se reuni\u00f3 en la sede de la Defensor\u00eda del Pueblo con el Ombudsman Provincial, Dr. Jos\u00e9 Leonardo Gialluca y su Adjunta Dra. Sylvina Portillo.<\/p>\n","protected":false},"author":1,"featured_media":3950,"comment_status":"closed","ping_status":"closed","sticky":false,"template":"","format":"standard","meta":{"footnotes":""},"categories":[1],"tags":[],"class_list":["post-3949","post","type-post","status-publish","format-standard","has-post-thumbnail","hentry","category-noticias"],"_links":{"self":[{"href":"https:\/\/defensoriaformosa.gob.ar\/index.php?rest_route=\/wp\/v2\/posts\/3949","targetHints":{"allow":["GET"]}}],"collection":[{"href":"https:\/\/defensoriaformosa.gob.ar\/index.php?rest_route=\/wp\/v2\/posts"}],"about":[{"href":"https:\/\/defensoriaformosa.gob.ar\/index.php?rest_route=\/wp\/v2\/types\/post"}],"author":[{"embeddable":true,"href":"https:\/\/defensoriaformosa.gob.ar\/index.php?rest_route=\/wp\/v2\/users\/1"}],"replies":[{"embeddable":true,"href":"https:\/\/defensoriaformosa.gob.ar\/index.php?rest_route=%2Fwp%2Fv2%2Fcomments&post=3949"}],"version-history":[{"count":1,"href":"https:\/\/defensoriaformosa.gob.ar\/index.php?rest_route=\/wp\/v2\/posts\/3949\/revisions"}],"predecessor-version":[{"id":3951,"href":"https:\/\/defensoriaformosa.gob.ar\/index.php?rest_route=\/wp\/v2\/posts\/3949\/revisions\/3951"}],"wp:featuredmedia":[{"embeddable":true,"href":"https:\/\/defensoriaformosa.gob.ar\/index.php?rest_route=\/wp\/v2\/media\/3950"}],"wp:attachment":[{"href":"https:\/\/defensoriaformosa.gob.ar\/index.php?rest_route=%2Fwp%2Fv2%2Fmedia&parent=3949"}],"wp:term":[{"taxonomy":"category","embeddable":true,"href":"https:\/\/defensoriaformosa.gob.ar\/index.php?rest_route=%2Fwp%2Fv2%2Fcategories&post=3949"},{"taxonomy":"post_tag","embeddable":true,"href":"https:\/\/defensoriaformosa.gob.ar\/index.php?rest_route=%2Fwp%2Fv2%2Ftags&post=3949"}],"curies":[{"name":"wp","href":"https:\/\/api.w.org\/{rel}","templated":true}]}}