{"id":3946,"date":"2016-09-26T17:05:48","date_gmt":"2016-09-26T20:05:48","guid":{"rendered":"http:\/\/2015.defensoriaformosa.gob.ar\/?p=3946"},"modified":"2016-09-26T17:05:48","modified_gmt":"2016-09-26T20:05:48","slug":"el-ombudsman-provincial-se-reunio-con-el-gobernador-de-la-provincia-de-tucuman","status":"publish","type":"post","link":"https:\/\/defensoriaformosa.gob.ar\/?p=3946","title":{"rendered":"EL OMBUDSMAN PROVINCIAL SE REUNIO CON EL GOBERNADOR DE LA PROVINCIA DE TUCUMAN"},"content":{"rendered":"<p style=\"text-align: justify;\"><strong>En el ante\u00faltimo plenario de la Asociaci\u00f3n de Defensores de la Rep\u00fablica Argentina- ADPRA- que se celebr\u00f3 en la Ciudad de San Miguel de Tucum\u00e1n, tuvo su apertura por el Ombudsman Provincial de dicha provincia Dr. Fernando Said Juri, quien abri\u00f3 las Jornadas con el actual Intendente Sr. German Alfaro, poniendo en relevancia las diferentes y actuales funciones de asesoramiento y contenci\u00f3n social que llevan a cabo todas las Defensor\u00edas del pa\u00eds, comprometi\u00e9ndose a su turno el Presidente de la Asociaci\u00f3n Dr. Alejandro Amor a sugerir que en las provincias donde no funcionen, o hayan dejado de prestar servicios las defensor\u00edas del pueblo, se les pedir\u00e1 a cada gobernador que arbitren las medidas para que existan estos Organismos de la Constituci\u00f3n.-Tambi\u00e9n se insistir\u00e1 con lo que el Fallo de la Corte Suprema pidi\u00f3 al Gobierno Nacional, de que se nombre el Defensor del Pueblo de Naci\u00f3n, cargo este que se encuentra vacante hace a\u00f1os y funcionan si en el interior del pa\u00eds, Representantes del Organismo Nacional, teniendo en cuenta que su Jurisdicci\u00f3n abarca toda la Rep\u00fablica.-<\/strong><\/p>\n<p style=\"text-align: justify;\"><!--more--><\/p>\n<p style=\"text-align: justify;\">En el cierre de las jornadas, se hizo presente el actual Gobernador de Tucum\u00e1n el Dr. Juan Manzur, quien acompa\u00f1o a todos los Defensores del Pueblo, y en lo que respecta a los Representantes del NEA, se comprometi\u00f3 a apoyar todos los proyectos que permitan un desarrollo sustentable del norte argentino, incluyendo al NOA, que fueron y son regiones que demandan en forma urgente una serie de infraestructuras esenciales, como los ramales ferroviarios, reactivaci\u00f3n de la obra p\u00fablica, transferencias presupuestarias del gobierno nacional, entre otras, que permitan a cada Estado, cumplir con las obligaciones que le fija la Constituci\u00f3n, esto es\u00a0 Educaci\u00f3n, Seguridad, Salud, Defensa , Justicia y sostener las estructuras\u00a0 indispensables para que se le brinden a todos los ciudadanos, los servicios p\u00fablicos esenciales, mucho de los cuales, en la actualidad, se ven resentidos por la falta de inversiones que permitan la accesibilidad a todos los derechos sociales, econ\u00f3micos, culturales y pol\u00edticos de cualquier Comunidad.<\/p>\n","protected":false},"excerpt":{"rendered":"<p>En el ante\u00faltimo plenario de la Asociaci\u00f3n de Defensores de la Rep\u00fablica Argentina- ADPRA- que se celebr\u00f3 en la Ciudad de San Miguel de Tucum\u00e1n, tuvo su apertura por el Ombudsman Provincial de dicha provincia Dr. Fernando Said Juri, quien abri\u00f3 las Jornadas con el actual Intendente Sr. German Alfaro, poniendo en relevancia las diferentes [&hellip;]<\/p>\n","protected":false},"author":1,"featured_media":3947,"comment_status":"closed","ping_status":"closed","sticky":false,"template":"","format":"standard","meta":{"footnotes":""},"categories":[1,3],"tags":[],"class_list":["post-3946","post","type-post","status-publish","format-standard","has-post-thumbnail","hentry","category-noticias","category-defensa-de-los-derechos-del-usuario-consumidor-contribuyentes"],"_links":{"self":[{"href":"https:\/\/defensoriaformosa.gob.ar\/index.php?rest_route=\/wp\/v2\/posts\/3946","targetHints":{"allow":["GET"]}}],"collection":[{"href":"https:\/\/defensoriaformosa.gob.ar\/index.php?rest_route=\/wp\/v2\/posts"}],"about":[{"href":"https:\/\/defensoriaformosa.gob.ar\/index.php?rest_route=\/wp\/v2\/types\/post"}],"author":[{"embeddable":true,"href":"https:\/\/defensoriaformosa.gob.ar\/index.php?rest_route=\/wp\/v2\/users\/1"}],"replies":[{"embeddable":true,"href":"https:\/\/defensoriaformosa.gob.ar\/index.php?rest_route=%2Fwp%2Fv2%2Fcomments&post=3946"}],"version-history":[{"count":1,"href":"https:\/\/defensoriaformosa.gob.ar\/index.php?rest_route=\/wp\/v2\/posts\/3946\/revisions"}],"predecessor-version":[{"id":3948,"href":"https:\/\/defensoriaformosa.gob.ar\/index.php?rest_route=\/wp\/v2\/posts\/3946\/revisions\/3948"}],"wp:featuredmedia":[{"embeddable":true,"href":"https:\/\/defensoriaformosa.gob.ar\/index.php?rest_route=\/wp\/v2\/media\/3947"}],"wp:attachment":[{"href":"https:\/\/defensoriaformosa.gob.ar\/index.php?rest_route=%2Fwp%2Fv2%2Fmedia&parent=3946"}],"wp:term":[{"taxonomy":"category","embeddable":true,"href":"https:\/\/defensoriaformosa.gob.ar\/index.php?rest_route=%2Fwp%2Fv2%2Fcategories&post=3946"},{"taxonomy":"post_tag","embeddable":true,"href":"https:\/\/defensoriaformosa.gob.ar\/index.php?rest_route=%2Fwp%2Fv2%2Ftags&post=3946"}],"curies":[{"name":"wp","href":"https:\/\/api.w.org\/{rel}","templated":true}]}}