{"id":3927,"date":"2016-09-23T19:52:00","date_gmt":"2016-09-23T22:52:00","guid":{"rendered":"http:\/\/2015.defensoriaformosa.gob.ar\/?p=3927"},"modified":"2016-09-25T18:54:02","modified_gmt":"2016-09-25T21:54:02","slug":"desde-la-defensoria-piden-que-unitan-no-sea-autorizada-a-reiniciar-actividades-hasta-asegurares-que-no-habran-mas-derrames","status":"publish","type":"post","link":"https:\/\/defensoriaformosa.gob.ar\/?p=3927","title":{"rendered":"DESDE LA DEFENSOR\u00cdA PIDEN QUE UNITAN NO SEA AUTORIZADA A REINICIAR ACTIVIDADES HASTA ASEGURARSE QUE NO HABR\u00c1N M\u00c1S DERRAMES"},"content":{"rendered":"<p style=\"text-align: justify;\"><strong>As\u00ed lo afirm\u00f3 la Defensora del Pueblo Adjunta, Sylvina Portillo, quien manifest\u00f3 que, desde la F\u00e1brica, luego de producidos dos derrames nos aseguran que se trata de cuestiones inherentes a la organizaci\u00f3n interna de la misma y que los l\u00edquidos vertidos al R\u00edo Paraguay, estaban compuestos por tanino y barro, extremo que, dada las obvias limitaciones t\u00e9cnicas que tenemos, no estamos en condiciones de constatar inmediatamente y, dado el curso acelerado de la corriente del curso h\u00eddrico, sin ser t\u00e9cnicos, podemos decir que ser\u00e1 de dif\u00edcil averiguaci\u00f3n, incluso para las autoridades que se encuentran abocadas a la investigaci\u00f3n. <\/strong><\/p>\n<p style=\"text-align: justify;\"><!--more--><\/p>\n<p style=\"text-align: justify;\">No obstante todo ello, subray\u00f3 la funcionaria, no podemos soslayar el hecho de que es el segundo evento que se produce y la empresa se comprometi\u00f3 a adoptar los recaudos necesarios para que no suceda lo mismo, luego del primer derrame. Es por ello que la Defensor\u00eda del Pueblo, en ejercicio de las potestades que le son conferidas por la Constituci\u00f3n Provincial, en cuanto a la tutela del derecho colectivo de gozar de un ambiente adecuado, apto para el desarrollo de la comunidad, no puede menos que \u201cexigir\u201d que la F\u00e1brica no sea autorizada a reiniciar sus actividades productivas, hasta que no determine, por un lado \u00bfc\u00f3mo es que se han producido ambos eventos registrados?, \u00bfqui\u00e9nes son o fueron los responsables? y, finalmente, las medidas que adoptar\u00e1 para que, realmente, el que no vuelvan a suceder derrames, no sea una mera promesa.<\/p>\n<p style=\"text-align: justify;\">Es dable destacar, finaliz\u00f3 diciendo la funcionaria, que es importante la ocupaci\u00f3n de mano de obra y la producci\u00f3n que lleva adelante la planta industrial, pero la tutela del Ambiente es un bien comunitario superior, que debe preservarse y prevalecer.-<\/p>\n","protected":false},"excerpt":{"rendered":"<p>As\u00ed lo afirm\u00f3 la Defensora del Pueblo Adjunta, Sylvina Portillo, quien manifest\u00f3 que, desde la F\u00e1brica, luego de producidos dos derrames nos aseguran que se trata de cuestiones inherentes a la organizaci\u00f3n interna de la misma y que los l\u00edquidos vertidos al R\u00edo Paraguay, estaban compuestos por tanino y barro, extremo que, dada las obvias [&hellip;]<\/p>\n","protected":false},"author":1,"featured_media":3928,"comment_status":"closed","ping_status":"closed","sticky":false,"template":"","format":"standard","meta":{"footnotes":""},"categories":[5,1],"tags":[],"class_list":["post-3927","post","type-post","status-publish","format-standard","has-post-thumbnail","hentry","category-ambiente-y-desarrollo-sustentable","category-noticias"],"_links":{"self":[{"href":"https:\/\/defensoriaformosa.gob.ar\/index.php?rest_route=\/wp\/v2\/posts\/3927","targetHints":{"allow":["GET"]}}],"collection":[{"href":"https:\/\/defensoriaformosa.gob.ar\/index.php?rest_route=\/wp\/v2\/posts"}],"about":[{"href":"https:\/\/defensoriaformosa.gob.ar\/index.php?rest_route=\/wp\/v2\/types\/post"}],"author":[{"embeddable":true,"href":"https:\/\/defensoriaformosa.gob.ar\/index.php?rest_route=\/wp\/v2\/users\/1"}],"replies":[{"embeddable":true,"href":"https:\/\/defensoriaformosa.gob.ar\/index.php?rest_route=%2Fwp%2Fv2%2Fcomments&post=3927"}],"version-history":[{"count":2,"href":"https:\/\/defensoriaformosa.gob.ar\/index.php?rest_route=\/wp\/v2\/posts\/3927\/revisions"}],"predecessor-version":[{"id":3934,"href":"https:\/\/defensoriaformosa.gob.ar\/index.php?rest_route=\/wp\/v2\/posts\/3927\/revisions\/3934"}],"wp:featuredmedia":[{"embeddable":true,"href":"https:\/\/defensoriaformosa.gob.ar\/index.php?rest_route=\/wp\/v2\/media\/3928"}],"wp:attachment":[{"href":"https:\/\/defensoriaformosa.gob.ar\/index.php?rest_route=%2Fwp%2Fv2%2Fmedia&parent=3927"}],"wp:term":[{"taxonomy":"category","embeddable":true,"href":"https:\/\/defensoriaformosa.gob.ar\/index.php?rest_route=%2Fwp%2Fv2%2Fcategories&post=3927"},{"taxonomy":"post_tag","embeddable":true,"href":"https:\/\/defensoriaformosa.gob.ar\/index.php?rest_route=%2Fwp%2Fv2%2Ftags&post=3927"}],"curies":[{"name":"wp","href":"https:\/\/api.w.org\/{rel}","templated":true}]}}