{"id":3923,"date":"2016-09-22T22:12:44","date_gmt":"2016-09-23T01:12:44","guid":{"rendered":"http:\/\/2015.defensoriaformosa.gob.ar\/?p=3923"},"modified":"2016-09-22T22:12:59","modified_gmt":"2016-09-23T01:12:59","slug":"adpra-solicito-a-la-enacom-que-se-respeten-los-derechos-comunicacionales-de-los-ninos-y-adolescentes","status":"publish","type":"post","link":"https:\/\/defensoriaformosa.gob.ar\/?p=3923","title":{"rendered":"ADPRA SOLICIT\u00d3 A LA ENACOM QUE SE RESPETEN LOS DERECHOS COMUNICACIONALES DE LOS NI\u00d1OS Y ADOLESCENTES"},"content":{"rendered":"<p style=\"text-align: justify;\"><strong>La Ley Nacional de Servicios de Comunicaci\u00f3n Audiovisual 26522, estableci\u00f3 una cantidad m\u00ednima de horas de producci\u00f3n y transmisi\u00f3n de material audiovisual espec\u00edfico para ni\u00f1as y ni\u00f1os en todos los canales de televisi\u00f3n abierta cuyo origen sea, como m\u00ednimo, el 50 % de producci\u00f3n nacional.\u00a0 Sucesivas normas hicieron que, en adelante, se impusieran dos franjas horarias, de una hora y media cada una, en turnos por la ma\u00f1ana y la tarde, seg\u00fan el horario de asistencia a clases de ni\u00f1os y j\u00f3venes para la exhibici\u00f3n del material adecuado a los mismos.<\/strong><\/p>\n<p style=\"text-align: justify;\"><!--more--><\/p>\n<p style=\"text-align: justify;\">Pero, con la creaci\u00f3n del actual Ente Nacional de las Comunicaciones (Enacom) y la derogaci\u00f3n de las normas anteriores, se les permite a los canales de aire, disponer de cualquier horario para la proyecci\u00f3n de programas infantiles, lleg\u00e1ndose al punto de que tales contenidos son transmitidos a cualquier hora, como ser las 5 de la ma\u00f1ana, siendo, por ende inaccesibles para sus destinatarios. Advirtiendo esta situaci\u00f3n, los Defensores del Pueblo de todo el pa\u00eds, nucleados en su Asociaci\u00f3n (ADPRA) en cuya Comisi\u00f3n Directiva se encuentra el Ombudsman Provincial, Jos\u00e9 Leonardo Gialluca, resolvi\u00f3 \u201cinstar al Enacom\u201d para que respete los derechos audiovisuales de ni\u00f1os y j\u00f3venes e imponga a los canales a transmitir contenidos acordes con los mismos a fin de salvaguardar sus \u201cderechos audiovisuales\u201d. La actuaci\u00f3n fue impulsada por unanimidad en el Plenario de Defensores del Pueblo de la Rep\u00fablica Argentina, que se desarrolla actualmente en la ciudad de Tucum\u00e1n.-<\/p>\n<p>&nbsp;<\/p>\n","protected":false},"excerpt":{"rendered":"<p>La Ley Nacional de Servicios de Comunicaci\u00f3n Audiovisual 26522, estableci\u00f3 una cantidad m\u00ednima de horas de producci\u00f3n y transmisi\u00f3n de material audiovisual espec\u00edfico para ni\u00f1as y ni\u00f1os en todos los canales de televisi\u00f3n abierta cuyo origen sea, como m\u00ednimo, el 50 % de producci\u00f3n nacional.\u00a0 Sucesivas normas hicieron que, en adelante, se impusieran dos franjas [&hellip;]<\/p>\n","protected":false},"author":1,"featured_media":3924,"comment_status":"closed","ping_status":"closed","sticky":false,"template":"","format":"standard","meta":{"footnotes":""},"categories":[1],"tags":[],"class_list":["post-3923","post","type-post","status-publish","format-standard","has-post-thumbnail","hentry","category-noticias"],"_links":{"self":[{"href":"https:\/\/defensoriaformosa.gob.ar\/index.php?rest_route=\/wp\/v2\/posts\/3923","targetHints":{"allow":["GET"]}}],"collection":[{"href":"https:\/\/defensoriaformosa.gob.ar\/index.php?rest_route=\/wp\/v2\/posts"}],"about":[{"href":"https:\/\/defensoriaformosa.gob.ar\/index.php?rest_route=\/wp\/v2\/types\/post"}],"author":[{"embeddable":true,"href":"https:\/\/defensoriaformosa.gob.ar\/index.php?rest_route=\/wp\/v2\/users\/1"}],"replies":[{"embeddable":true,"href":"https:\/\/defensoriaformosa.gob.ar\/index.php?rest_route=%2Fwp%2Fv2%2Fcomments&post=3923"}],"version-history":[{"count":2,"href":"https:\/\/defensoriaformosa.gob.ar\/index.php?rest_route=\/wp\/v2\/posts\/3923\/revisions"}],"predecessor-version":[{"id":3926,"href":"https:\/\/defensoriaformosa.gob.ar\/index.php?rest_route=\/wp\/v2\/posts\/3923\/revisions\/3926"}],"wp:featuredmedia":[{"embeddable":true,"href":"https:\/\/defensoriaformosa.gob.ar\/index.php?rest_route=\/wp\/v2\/media\/3924"}],"wp:attachment":[{"href":"https:\/\/defensoriaformosa.gob.ar\/index.php?rest_route=%2Fwp%2Fv2%2Fmedia&parent=3923"}],"wp:term":[{"taxonomy":"category","embeddable":true,"href":"https:\/\/defensoriaformosa.gob.ar\/index.php?rest_route=%2Fwp%2Fv2%2Fcategories&post=3923"},{"taxonomy":"post_tag","embeddable":true,"href":"https:\/\/defensoriaformosa.gob.ar\/index.php?rest_route=%2Fwp%2Fv2%2Ftags&post=3923"}],"curies":[{"name":"wp","href":"https:\/\/api.w.org\/{rel}","templated":true}]}}