{"id":3920,"date":"2016-09-21T17:28:30","date_gmt":"2016-09-21T20:28:30","guid":{"rendered":"http:\/\/2015.defensoriaformosa.gob.ar\/?p=3920"},"modified":"2016-09-21T17:28:30","modified_gmt":"2016-09-21T20:28:30","slug":"repercusiones-tras-hechos-de-violencia-de-piqueteros-en-el-oeste","status":"publish","type":"post","link":"https:\/\/defensoriaformosa.gob.ar\/?p=3920","title":{"rendered":"REPERCUSIONES TRAS HECHOS DE VIOLENCIA DE PIQUETEROS EN EL OESTE"},"content":{"rendered":"<p style=\"text-align: justify;\"><strong>La Defensor\u00eda pidi\u00f3 a la Gendarmer\u00eda y a la Justicia que intervengan para garantizar la seguridad y los bienes de p\u00fablicos en Las Lomitas.<\/strong><\/p>\n<p style=\"text-align: justify;\"><!--more--><\/p>\n<p style=\"text-align: justify;\">En la jornada de ayer, se registraron hechos de violencia por parte de manifestantes que se encontraban efectuando el corte de la Ruta Nacional N\u00ba 81, a seis kil\u00f3metros del acceso a Las Lomitas quienes, enterados de que se encaraba al construcci\u00f3n de un paso alternativo para que los afectados pudieran continuar su tr\u00e1nsito, se desplazaron hasta el lugar y con palos y piedras atacaron al operario que se encontraba realizando maniobras con una motoniveladora.<\/p>\n<p style=\"text-align: justify;\">El infortunado hombre, por poco, pudo escapar de los agresores, quedando abandonada la m\u00e1quina que sufri\u00f3 cuantiosos da\u00f1os materiales y finalmente, momentos despu\u00e9s, pudo ser retirada, merced a los esfuerzos de efectivos policiales que impidieron que se le prenda fuego. Frente a tales hechos, la Defensor\u00eda del Pueblo, formul\u00f3 la pertinente denuncia ante la Justicia Federal, la Fiscal\u00eda Federal en turno y el Juez Provincial con competencia en Las Lomitas, a los efectos de que se asegure la transitabilidad de la RN 81, en toda su extensi\u00f3n y se individualice a las personas que hayan cometido delitos contra la propiedad p\u00fablica y pretendido amedrentar con amenazas a los vecinos, as\u00ed como a los autores intelectuales de tales hechos, en causas penales por da\u00f1os, amenazas, entorpecimiento del transporte terrestre y de varios servicios que son esenciales para numerosas comunidades del oeste.<\/p>\n<p style=\"text-align: justify;\">El Defensor el Pueblo, Jos\u00e9 Leonardo Gialluca, destac\u00f3 que no median inconvenientes en que la Defensor\u00eda acompa\u00f1e peticiones que se realicen a las autoridades, dentro del marco institucional y legal, de suyo, subray\u00f3, son miles las requisitorias formuladas mensualmente en tal sentido. En este caso, lo conveniente es que la demanda se dirija al Gobierno Nacional, porque no destina fondos para la construcci\u00f3n de viviendas. Pero las personas a las cuales se les impide el tr\u00e1nsito, trabajadores, estudiantes, enfermos y\/o cualquier ciudadano que quiera desplazarse hacia y desde el oeste, no tienen la responsabilidad de construirles las viviendas, as\u00ed como tampoco la actitud hostil hacia los mismos, lograr\u00e1 tal cometido y ello es lo que deben entender los manifestantes.<\/p>\n<p style=\"text-align: justify;\">El Ombudsman expres\u00f3 que se est\u00e1n registrando hechos similares en todo el Oeste de la Provincia, como consecuencia de malas pol\u00edticas o mejor, ausencia de pol\u00edticas p\u00fablicas del Estado Nacional, tendientes a zanjar necesidad de la poblaci\u00f3n de la zona. El hecho ocurrido el d\u00eda de ayer es solo uno de tantos, que se est\u00e1n tornando reiterativos. En el caso, peticionamos tambi\u00e9n a la Jefatura del Escuadr\u00f3n VI de Gendarmer\u00eda Nacional que, siendo de competencia exclusiva de dicha fuerza, la regulaci\u00f3n del tr\u00e1nsito en rutas nacionales, asegure que el mismo no sea interrumpido por las v\u00edas de hecho que, actualmente, ejercen los piqueteros, evitando, en todo momento que la poblaci\u00f3n sea v\u00edctima de atentados a su seguridad y da\u00f1os a sus bienes.-<\/p>\n","protected":false},"excerpt":{"rendered":"<p>La Defensor\u00eda pidi\u00f3 a la Gendarmer\u00eda y a la Justicia que intervengan para garantizar la seguridad y los bienes de p\u00fablicos en Las Lomitas.<\/p>\n","protected":false},"author":1,"featured_media":3921,"comment_status":"closed","ping_status":"closed","sticky":false,"template":"","format":"standard","meta":{"footnotes":""},"categories":[4,1,7],"tags":[],"class_list":["post-3920","post","type-post","status-publish","format-standard","has-post-thumbnail","hentry","category-ddhh","category-noticias","category-seguridad-vial"],"_links":{"self":[{"href":"https:\/\/defensoriaformosa.gob.ar\/index.php?rest_route=\/wp\/v2\/posts\/3920","targetHints":{"allow":["GET"]}}],"collection":[{"href":"https:\/\/defensoriaformosa.gob.ar\/index.php?rest_route=\/wp\/v2\/posts"}],"about":[{"href":"https:\/\/defensoriaformosa.gob.ar\/index.php?rest_route=\/wp\/v2\/types\/post"}],"author":[{"embeddable":true,"href":"https:\/\/defensoriaformosa.gob.ar\/index.php?rest_route=\/wp\/v2\/users\/1"}],"replies":[{"embeddable":true,"href":"https:\/\/defensoriaformosa.gob.ar\/index.php?rest_route=%2Fwp%2Fv2%2Fcomments&post=3920"}],"version-history":[{"count":1,"href":"https:\/\/defensoriaformosa.gob.ar\/index.php?rest_route=\/wp\/v2\/posts\/3920\/revisions"}],"predecessor-version":[{"id":3922,"href":"https:\/\/defensoriaformosa.gob.ar\/index.php?rest_route=\/wp\/v2\/posts\/3920\/revisions\/3922"}],"wp:featuredmedia":[{"embeddable":true,"href":"https:\/\/defensoriaformosa.gob.ar\/index.php?rest_route=\/wp\/v2\/media\/3921"}],"wp:attachment":[{"href":"https:\/\/defensoriaformosa.gob.ar\/index.php?rest_route=%2Fwp%2Fv2%2Fmedia&parent=3920"}],"wp:term":[{"taxonomy":"category","embeddable":true,"href":"https:\/\/defensoriaformosa.gob.ar\/index.php?rest_route=%2Fwp%2Fv2%2Fcategories&post=3920"},{"taxonomy":"post_tag","embeddable":true,"href":"https:\/\/defensoriaformosa.gob.ar\/index.php?rest_route=%2Fwp%2Fv2%2Ftags&post=3920"}],"curies":[{"name":"wp","href":"https:\/\/api.w.org\/{rel}","templated":true}]}}