{"id":3914,"date":"2016-09-20T17:20:25","date_gmt":"2016-09-20T20:20:25","guid":{"rendered":"http:\/\/2015.defensoriaformosa.gob.ar\/?p=3914"},"modified":"2016-09-20T17:20:25","modified_gmt":"2016-09-20T20:20:25","slug":"la-defensoria-del-pueblo-solicito-la-clausura-preventiva-de-la-fabrica-unitan-saica","status":"publish","type":"post","link":"https:\/\/defensoriaformosa.gob.ar\/?p=3914","title":{"rendered":"LA DEFENSOR\u00cdA DEL PUEBLO SOLICIT\u00d3 LA \u201cCLAUSURA PREVENTIVA\u201d DE LA F\u00c1BRICA UNITAN SAICA-"},"content":{"rendered":"<p style=\"text-align: justify;\"><strong>Se fundament\u00f3 la medida en un nuevo derrame de l\u00edquidos contaminantes en aguas del Rio Paraguay-<\/strong><\/p>\n<p style=\"text-align: justify;\"><!--more--><\/p>\n<p style=\"text-align: justify;\">Conocida la producci\u00f3n de un nuevo derrame de l\u00edquidos de color rojizo,\u00a0 de naturaleza desconocida por ahora, el cual fuera vertido a las aguas del R\u00edo Paraguay, desde la Planta Industrial que posee la F\u00e1brica UNITAN SAICA en nuestra capital, evento que se produjo el d\u00eda de ayer aproximadamente a las 15 hs, \u00a0la- \u00a0Direcci\u00f3n de Ambiente y Desarrollo Sustentable, Audiencias P\u00fablicas- , de la Defensor\u00eda del Pueblo de la Provincia, remiti\u00f3 formales Actuaciones, con car\u00e1cter de \u201curgente\u201d a la Subsecretaria de Recursos Naturales, Ordenamiento y Calidad Ambiental de la Provincia y a la Direcci\u00f3n de Gesti\u00f3n Ambiental de la Municipalidad de la Ciudad de Formosa, a los efectos de que, dentro de la competencia que le cabe a cada \u00e1rea, se proceda a la \u201cinmediata clausura\u201d de la F\u00e1brica, hasta tanto se determine la naturaleza de los l\u00edquidos hasta ahora vertidos y por otra parte, dentro del procedimiento, esperar la defensa de la firma, la cual tendr\u00e1 que explicar el motivo de tama\u00f1a irresponsabilidad , teniendo en cuenta que hace semanas se produjo un hecho similar y es m\u00e1s que evidente que no han adoptado ninguna medida de correcci\u00f3n interna para evitar el vertido de tanino o cualquier otra sustancia, no procesada o indebidamente tratada, que producen impactos negativos en la biodiversidad de la flora y fauna de nuestro Rio Paraguay.<\/p>\n<p style=\"text-align: justify;\">Sobre el particular, el Defensor del Pueblo de la Provincia, Jos\u00e9 Leonardo Gialluca, se\u00f1al\u00f3: \u201cDesde la Presidencia y Directorio de UNITAN SAICA, nos han asegurado que el evento anterior, se trat\u00f3 de un accidente y que no existir\u00edan consecuencias negativas para la biodiversidad, tanto del curso h\u00eddrico como de sus adyacencias, incluida nuestra poblaci\u00f3n cuyas tomas de agua cruda se encuentran rio arriba de la f\u00e1brica. No obstante el compromiso de las autoridades de la Planta Industrial hoy, a poco m\u00e1s de una semana del primer incidente, nos encontramos con un nuevo hecho de id\u00e9ntica naturaleza. Por esta raz\u00f3n y aplicando los principios tuitivos vigentes en materia de Ambiente, por un lado, requerimos a las autoridades competentes, la Clausura Preventiva de la F\u00e1brica, por otro, solicitamos que se aceleren los pasos necesarios para determinar la naturaleza de las sustancias arrojadas al r\u00edo a fin de tener precisi\u00f3n respecto de si son tan inofensivas como nos aseguran desde UNITAN, para lo cual, a m\u00e1s de la Subsecretar\u00eda de Recursos Naturales, a los efectos se\u00f1alados, pedimos la asistencia de la Divisi\u00f3n Ecol\u00f3gica de la Polic\u00eda de la Provincia y del laboratorio flotante del que dispone la Prefectura Naval Argentina. Sin perjuicio de las dem\u00e1s acciones que en cumplimiento del Art. 38\u00a0 de la Constituci\u00f3n Provincial, estatuye que todos los formose\u00f1os tenemos derecho a vivir en un ambiente adecuado para nuestro desarrollo, con la adopci\u00f3n por parte de nuestras autoridades de todas las medidas necesarias, a fin de proteger el ambiente y nuestros recursos naturales, siendo de los m\u00e1s preciados el manejo de las aguas, las cuales deben ser resguardadas de todo tipo de contaminaci\u00f3n o degradaci\u00f3n, sea qu\u00edmica, f\u00edsica o humana\u201d.<\/p>\n","protected":false},"excerpt":{"rendered":"<p>Se fundament\u00f3 la medida en un nuevo derrame de l\u00edquidos contaminantes en aguas del Rio Paraguay-<\/p>\n","protected":false},"author":1,"featured_media":2820,"comment_status":"closed","ping_status":"closed","sticky":false,"template":"","format":"standard","meta":{"footnotes":""},"categories":[5,1],"tags":[],"class_list":["post-3914","post","type-post","status-publish","format-standard","has-post-thumbnail","hentry","category-ambiente-y-desarrollo-sustentable","category-noticias"],"_links":{"self":[{"href":"https:\/\/defensoriaformosa.gob.ar\/index.php?rest_route=\/wp\/v2\/posts\/3914","targetHints":{"allow":["GET"]}}],"collection":[{"href":"https:\/\/defensoriaformosa.gob.ar\/index.php?rest_route=\/wp\/v2\/posts"}],"about":[{"href":"https:\/\/defensoriaformosa.gob.ar\/index.php?rest_route=\/wp\/v2\/types\/post"}],"author":[{"embeddable":true,"href":"https:\/\/defensoriaformosa.gob.ar\/index.php?rest_route=\/wp\/v2\/users\/1"}],"replies":[{"embeddable":true,"href":"https:\/\/defensoriaformosa.gob.ar\/index.php?rest_route=%2Fwp%2Fv2%2Fcomments&post=3914"}],"version-history":[{"count":1,"href":"https:\/\/defensoriaformosa.gob.ar\/index.php?rest_route=\/wp\/v2\/posts\/3914\/revisions"}],"predecessor-version":[{"id":3915,"href":"https:\/\/defensoriaformosa.gob.ar\/index.php?rest_route=\/wp\/v2\/posts\/3914\/revisions\/3915"}],"wp:featuredmedia":[{"embeddable":true,"href":"https:\/\/defensoriaformosa.gob.ar\/index.php?rest_route=\/wp\/v2\/media\/2820"}],"wp:attachment":[{"href":"https:\/\/defensoriaformosa.gob.ar\/index.php?rest_route=%2Fwp%2Fv2%2Fmedia&parent=3914"}],"wp:term":[{"taxonomy":"category","embeddable":true,"href":"https:\/\/defensoriaformosa.gob.ar\/index.php?rest_route=%2Fwp%2Fv2%2Fcategories&post=3914"},{"taxonomy":"post_tag","embeddable":true,"href":"https:\/\/defensoriaformosa.gob.ar\/index.php?rest_route=%2Fwp%2Fv2%2Ftags&post=3914"}],"curies":[{"name":"wp","href":"https:\/\/api.w.org\/{rel}","templated":true}]}}