{"id":3907,"date":"2016-09-19T18:22:04","date_gmt":"2016-09-19T21:22:04","guid":{"rendered":"http:\/\/2015.defensoriaformosa.gob.ar\/?p=3907"},"modified":"2016-09-20T11:49:24","modified_gmt":"2016-09-20T14:49:24","slug":"se-senalo-desde-la-defensoria-que-esperamos-que-el-estado-nacional-tome-debida-nota-de-lo-que-se-expreso-en-la-audiencia-publica","status":"publish","type":"post","link":"https:\/\/defensoriaformosa.gob.ar\/?p=3907","title":{"rendered":"SE SE\u00d1ALO DESDE LA DEFENSORIA QUE ESPERAMOS QUE  EL ESTADO NACIONAL TOME DEBIDA NOTA DE LO QUE SE EXPRES\u00d3 EN LA AUDIENCIA PUBLICA"},"content":{"rendered":"<p style=\"text-align: justify;\"><strong>Tras el Acto ordenado por la Corte Suprema , el Ministerio de Energ\u00eda modero la suba del gas a las PyMES y usuarios comerciales que tendr\u00edan un aumento del 250% y no del 500% como se pretend\u00eda , adem\u00e1s de agilizarse todos los tr\u00e1mites para obtener la Tarifa Social del Gas-<\/strong><\/p>\n<p style=\"text-align: justify;\"><!--more--><\/p>\n<p style=\"text-align: justify;\">La postergada y controvertida Audiencia P\u00fablica del Gas, que se inici\u00f3 el d\u00eda viernes de la semana\u00a0 pasada y finalizo muy temprano el domingo \u00faltimo y en la cual el Ombudsman Provincial, Dr. Jos\u00e9 Leonardo Gialluca, participo se\u00f1alando que no pudimos escuchar en las presentaciones ni del Ministro de Energ\u00eda y Miner\u00eda, y menos a\u00fan de los Representantes Empresariales cuales son las estructuras de costos de las Productoras de Gas, de las Transportistas y de las Distribuidoras.<\/p>\n<p style=\"text-align: justify;\">Ahora esperamos\u00a0 que dentro de los plazos legales el Gobierno Nacional \u201ctome en cuenta y debida nota de todas las ponencias que se desarrollaron en la Usina del Arte\u201d, pues de lo contrario las tarifas del gas pasaran a estar dolarizadas; es decir la parte de la boleta que corresponde al gas en Boca de Pozo tendr\u00e1 un precio atado al valor del d\u00f3lar y ello tambi\u00e9n repercutir\u00e1\u00a0 negativamente en el GLP , gas licuado de petr\u00f3leo envasado, que es el que utilizamos en Formosa y en todo el NEA, como as\u00ed tambi\u00e9n en el precio del GNC, el cual impactara en los veh\u00edculos que se mueven con este combustible.<\/p>\n<p style=\"text-align: justify;\">Gialluca expreso que en un proceso de recesi\u00f3n no se pueden aplicar esta clase de tarifazos ya que lo \u00fanico que generaran ser\u00e1 un aumento de la incobrabilidad y tambi\u00e9n la vulneraci\u00f3n de derechos esenciales de todos los trabajadores. Es cierto que hay que bajar los subsidios y ver a quienes van destinados, pero no se puede ahora, solucionar todo este problema de un d\u00eda para otro.<\/p>\n<p style=\"text-align: justify;\">El funcionario considero que los incrementos de los servicios p\u00fablicos, \u201ctienen que ir atados a los porcentajes de aumentos que tuvieron los empleados p\u00fablicos y privados, como as\u00ed tambi\u00e9n la suba de haberes y beneficios de la clase pasiva\u201d; cualquier aumento como el que se pretende y que supere esos porcentajes estar\u00edan\u00a0 originando graves problemas sociales.<\/p>\n<p style=\"text-align: justify;\">A\u00f1adi\u00f3 que esperamos tambi\u00e9n que la empresa GAS- NEA, quien tiene la concesi\u00f3n de las obras en nuestras jurisdicciones, sea Auditada por el ENARGAS, ya que se encuentra en concurso desde hace a\u00f1os y financieramente no est\u00e1 en condiciones de realizar las obras y prestar el servicio, ni en Formosa, Chaco, Corrientes y Misiones. Como ejemplo vale decir que desde el 2009 hasta hoy, en un universo de 4 millones de potenciales usuarios de gas natural, tan solo posee 100.675 clientes, la mayor\u00eda en la provincia de Entre R\u00edos que no pertenece al NEA, y de esta manera adopte\u00a0 el Estado Nacional\u00a0 una decisi\u00f3n, ya sea otorgando la licencia a otra empresa o a trav\u00e9s de alguna otra alternativa para que nos incorporemos al lote de provincias que tienen acceso a la red de gas natural y que hoy al utilizar los tubos de GLP , estamos pagando 6 o 7 veces m\u00e1s de lo que paga un usuario en la Ciudad Aut\u00f3noma de Buenos Aires.<\/p>\n<p style=\"text-align: justify;\">Manifest\u00f3 tambi\u00e9n que, tras la Audiencia P\u00fablica, \u201cya comenzamos a tener los primeros resultados positivos, y en este sentido el Gobierno Nacional dispuso en el d\u00eda de ayer que la suba del gas a las PyMES que iba a tener un tope del 500%, modifico su propuesta y Aranguren ya propuso aumentos cercanos al 250% y tengamos en cuenta que hasta la propia Corte Suprema hab\u00eda convalidado los aumentos del 500% para los usuarios comerciales. Si bien el ENARGAS, ahora est\u00e1 elaborando un informe donde se reflejen todas las voces de la Audiencia y que debe finalizarlo en los pr\u00f3ximos 10 d\u00edas , en un mes se producir\u00e1 un dictamen definitivo , con los aumentos tarifarios que regir\u00e1n para el servicio p\u00fablico de gas, y all\u00ed\u00a0 esperamos que este reflejada la proporcionalidad , progresividad y razonabilidad ordenada por la Corte.<\/p>\n","protected":false},"excerpt":{"rendered":"<p>Tras el Acto ordenado por la Corte Suprema , el Ministerio de Energ\u00eda modero la suba del gas a las PyMES y usuarios comerciales que tendr\u00edan un aumento del 250% y no del 500% como se pretend\u00eda , adem\u00e1s de agilizarse todos los tr\u00e1mites para obtener la Tarifa Social del Gas-<\/p>\n","protected":false},"author":1,"featured_media":3909,"comment_status":"closed","ping_status":"closed","sticky":false,"template":"","format":"standard","meta":{"footnotes":""},"categories":[1],"tags":[],"class_list":["post-3907","post","type-post","status-publish","format-standard","has-post-thumbnail","hentry","category-noticias"],"_links":{"self":[{"href":"https:\/\/defensoriaformosa.gob.ar\/index.php?rest_route=\/wp\/v2\/posts\/3907","targetHints":{"allow":["GET"]}}],"collection":[{"href":"https:\/\/defensoriaformosa.gob.ar\/index.php?rest_route=\/wp\/v2\/posts"}],"about":[{"href":"https:\/\/defensoriaformosa.gob.ar\/index.php?rest_route=\/wp\/v2\/types\/post"}],"author":[{"embeddable":true,"href":"https:\/\/defensoriaformosa.gob.ar\/index.php?rest_route=\/wp\/v2\/users\/1"}],"replies":[{"embeddable":true,"href":"https:\/\/defensoriaformosa.gob.ar\/index.php?rest_route=%2Fwp%2Fv2%2Fcomments&post=3907"}],"version-history":[{"count":1,"href":"https:\/\/defensoriaformosa.gob.ar\/index.php?rest_route=\/wp\/v2\/posts\/3907\/revisions"}],"predecessor-version":[{"id":3908,"href":"https:\/\/defensoriaformosa.gob.ar\/index.php?rest_route=\/wp\/v2\/posts\/3907\/revisions\/3908"}],"wp:featuredmedia":[{"embeddable":true,"href":"https:\/\/defensoriaformosa.gob.ar\/index.php?rest_route=\/wp\/v2\/media\/3909"}],"wp:attachment":[{"href":"https:\/\/defensoriaformosa.gob.ar\/index.php?rest_route=%2Fwp%2Fv2%2Fmedia&parent=3907"}],"wp:term":[{"taxonomy":"category","embeddable":true,"href":"https:\/\/defensoriaformosa.gob.ar\/index.php?rest_route=%2Fwp%2Fv2%2Fcategories&post=3907"},{"taxonomy":"post_tag","embeddable":true,"href":"https:\/\/defensoriaformosa.gob.ar\/index.php?rest_route=%2Fwp%2Fv2%2Ftags&post=3907"}],"curies":[{"name":"wp","href":"https:\/\/api.w.org\/{rel}","templated":true}]}}