{"id":3902,"date":"2016-09-18T19:27:54","date_gmt":"2016-09-18T22:27:54","guid":{"rendered":"http:\/\/2015.defensoriaformosa.gob.ar\/?p=3902"},"modified":"2016-09-20T17:16:07","modified_gmt":"2016-09-20T20:16:07","slug":"participo-la-defensoria-de-la-audiencia-publica-del-gas-solicitando-que-se-garantice-la-contrucciondel-gasoducto-del-nea","status":"publish","type":"post","link":"https:\/\/defensoriaformosa.gob.ar\/?p=3902","title":{"rendered":"PARTICIPO LA DEFENSORIA DE LA AUDIENCIA PUBLICA DEL GAS SOLICITANDO QUE SE GARANTICE LA CONTRUCCION DEL GASODUCTO DEL NEA"},"content":{"rendered":"<p style=\"text-align: justify;\"><strong>\u00a0Y que se respete lo ordenado por la corte suprema en cuanto a precios razonables y proporcionales. Denuncio el Ombudsman Provincial, \u201cque existieron medidas administrativas y de seguridad premeditadas para vaciar la audiencia p\u00fablica e impedir la participaci\u00f3n ciudadana como lo ha exigido la Corte Suprema-<\/strong><\/p>\n<p style=\"text-align: justify;\"><!--more--><\/p>\n<p style=\"text-align: justify;\">En el d\u00eda de ayer, en la sede de la Usina del Arte, de la Ciudad Aut\u00f3noma de Buenos Aires y en e marco de la Audiencia Publica exigida por la Corte suprema al Gobierno Nacional, se presento como parte inscripta el Defensor del Pueblo, Dr. Jos\u00e9 Leonardo Gialluca.<\/p>\n<p style=\"text-align: justify;\">El mismo se\u00f1alo que la audiencia P\u00fablica es el \u201cActo m\u00e1s Puro de la Democracia\u201d, pues permite la participaci\u00f3n directa de los ciudadanos en temas esenciales como son los servicios p\u00fablicos. No obstante lo cual el acto que convoco el ENARGAS, esta muy lejos de ser una verdadera Audiencia Publica, ya que no se federalizo y tampoco se permiti\u00f3 la participaci\u00f3n de usuarios, vecinos, titulares de micro-pymes, y otras personas, en atenci\u00f3n a las \u201cinusitadas y exageradas medidas de seguridad que rodearon este acto y por la decisi\u00f3n del Ministerio de Energ\u00eda y Miner\u00eda de realizar ellos mismos las listas de oradores, \u201cvaciando de esta manera la audiencia publica en forma intencional\u201d.<\/p>\n<p style=\"text-align: justify;\">Se\u00f1alo que los servicios de gas y energ\u00eda son derechos humanos fundamentales, ya que constituyen la clave para el desarrollo econ\u00f3mico y social desde el origen de la especie humana y por ello el Estado tiene que garantizar \u201cun piso de derechos m\u00ednimos pues la energ\u00eda es una necesidad b\u00e1sica insustituible\u201d.<\/p>\n<p style=\"text-align: justify;\">Resalto el funcionario que si bien el objeto de la audiencia es la de fijar nuevos cuadros tarifarios no podemos dejar de exigir que nuestra provincia y el nea, sin las obras de infraestructuras que garanticen las redes del gas natural, sufrir\u00e1n aun mas el impacto de los aumentos, toda vez que el GLP envasado posee un valor de 6 a 7 veces mayor que el gas natural. Denuncio que un kilo de gas envasado de GLP equivale a 1.27m3 de gas natural y as\u00ed podemos concluir que 1 kilo de gas envasado vale por 1.6m3 de gas natural, por lo tanto si tomamos en cuanta un cilindro de 45kg que corresponde a unos 70m3 de gas natural y considerando su costo de $800, esto equivale a que en Formosa estamos pagando dicho monto por tan solo 70m3 de gas natural, es decir $11 por cada m3 de gas por redes es lo que abonamos los usuarios del NEA.<\/p>\n<p style=\"text-align: justify;\">En este contexto requiri\u00f3 que se deje sin efecto la Inconstitucionalidad del art. 10 de la Ley Nacional N\u00ba 26.095 que impide otros financiamientos para el gas natural por redes en el NEA.<\/p>\n<p style=\"text-align: justify;\">Denuncio el Ombudsman Provincial que la Distribuidora \u201cGas Nea\u201d, no nos garantiza que pueda cumplir con las obras de redes troncales, secundarias y domiciliarias en todo el norte ya que la misma se encuentra en concurso y con graves problemas financieros y peticiono al ENARGAS que revea inmediatamente esa situaci\u00f3n pues la firma citada \u00fanicamente tiene hasta la fecha 100.675 clientes y no permitiremos que nuestros territorios sean utilizados unicamente como lugar de paso para el ducto principal.<\/p>\n<p style=\"text-align: justify;\">Cerro expresando que existe en le \u201cconciente colectivo\u201d la idea de que la decisi\u00f3n de aumentar las tarifas en un porcentaje superior al 200% ya esta tomada, pero tambi\u00e9n existe en el mismo \u201cconciente colectivo\u201d la fe de que la voz de los ciudadanos ser\u00e1receptada por la expresi\u00f3n que sustenta el sistema democr\u00e1tico y avala con fuerza las decisiones pol\u00edticas; advirtiendo que el gobierno nacional se esta exponiendo por no respetar la proporcionalidad, progresividad y razonabilidad de los aumentos a que se lo contin\u00fae demandando tanto en la justicia nacional como tambi\u00e9n internacionalmente a trav\u00e9s de las acciones de control de convencionalidad.<\/p>\n","protected":false},"excerpt":{"rendered":"<p>\u00a0Y que se respete lo ordenado por la corte suprema en cuanto a precios razonables y proporcionales. Denuncio el Ombudsman Provincial, \u201cque existieron medidas administrativas y de seguridad premeditadas para vaciar la audiencia p\u00fablica e impedir la participaci\u00f3n ciudadana como lo ha exigido la Corte Suprema-<\/p>\n","protected":false},"author":1,"featured_media":2820,"comment_status":"closed","ping_status":"closed","sticky":false,"template":"","format":"standard","meta":{"footnotes":""},"categories":[1],"tags":[],"class_list":["post-3902","post","type-post","status-publish","format-standard","has-post-thumbnail","hentry","category-noticias"],"_links":{"self":[{"href":"https:\/\/defensoriaformosa.gob.ar\/index.php?rest_route=\/wp\/v2\/posts\/3902","targetHints":{"allow":["GET"]}}],"collection":[{"href":"https:\/\/defensoriaformosa.gob.ar\/index.php?rest_route=\/wp\/v2\/posts"}],"about":[{"href":"https:\/\/defensoriaformosa.gob.ar\/index.php?rest_route=\/wp\/v2\/types\/post"}],"author":[{"embeddable":true,"href":"https:\/\/defensoriaformosa.gob.ar\/index.php?rest_route=\/wp\/v2\/users\/1"}],"replies":[{"embeddable":true,"href":"https:\/\/defensoriaformosa.gob.ar\/index.php?rest_route=%2Fwp%2Fv2%2Fcomments&post=3902"}],"version-history":[{"count":2,"href":"https:\/\/defensoriaformosa.gob.ar\/index.php?rest_route=\/wp\/v2\/posts\/3902\/revisions"}],"predecessor-version":[{"id":3910,"href":"https:\/\/defensoriaformosa.gob.ar\/index.php?rest_route=\/wp\/v2\/posts\/3902\/revisions\/3910"}],"wp:featuredmedia":[{"embeddable":true,"href":"https:\/\/defensoriaformosa.gob.ar\/index.php?rest_route=\/wp\/v2\/media\/2820"}],"wp:attachment":[{"href":"https:\/\/defensoriaformosa.gob.ar\/index.php?rest_route=%2Fwp%2Fv2%2Fmedia&parent=3902"}],"wp:term":[{"taxonomy":"category","embeddable":true,"href":"https:\/\/defensoriaformosa.gob.ar\/index.php?rest_route=%2Fwp%2Fv2%2Fcategories&post=3902"},{"taxonomy":"post_tag","embeddable":true,"href":"https:\/\/defensoriaformosa.gob.ar\/index.php?rest_route=%2Fwp%2Fv2%2Ftags&post=3902"}],"curies":[{"name":"wp","href":"https:\/\/api.w.org\/{rel}","templated":true}]}}