{"id":39,"date":"2014-12-18T14:38:17","date_gmt":"2014-12-18T14:38:17","guid":{"rendered":"http:\/\/2015.defensoriaformosa.gob.ar\/?p=39"},"modified":"2014-12-24T14:39:16","modified_gmt":"2014-12-24T14:39:16","slug":"la-defensoria-del-pueblo-rescato-la-amplia-federalizacion-del-sistema-nacional-de-servicios-de-salud","status":"publish","type":"post","link":"https:\/\/defensoriaformosa.gob.ar\/?p=39","title":{"rendered":"LA DEFENSORIA DEL PUEBLO RESCATO LA AMPLIA FEDERALIZACION DEL SISTEMA NACIONAL DE SERVICIOS DE SALUD"},"content":{"rendered":"<p style=\"text-align: justify;\"><strong>Se inauguro la Sede Federal Formosa de la Superintendencia de Servicios de Salud, que estar\u00e1 a cargo del Dr. Ra\u00fal Ledesma, y con esto los usuarios de las Obras Sociales, Empresas de Medicina Prepaga y Agentes del Servicio de Salud, de nuestro medio podr\u00e1n obtener una atenci\u00f3n personalizada y profesional ya que las consultas tramites y reclamos de ahora en adelante se llevaran a cabo en la sede de calle Brandsen N\u00ba 405-415, sin necesidad de tener que recurrir a la sede central de Buenos Aires.<\/strong><\/p>\n<p style=\"text-align: justify;\"><!--more--><\/p>\n<p style=\"text-align: justify;\">El Ombudsman Provincial, Dr. Jos\u00e9 Leonardo Gialluca, resalto la decisi\u00f3n de la actual Superintendenta de Servicios de Salud, Liliana Korenfeld, quien con esta gesti\u00f3n de Federalizaci\u00f3n del Sistema Nacional del Servicio de Salud, la nueva sede en Formosa es la decimo quinta (15) y que se suma a catorce (14) sedes que funcionan en sus respectivas provincias, siendo esta la \u00fanica del NEA y ello es importante porque al proceso de Federalizaci\u00f3n se le suma el de la Descentralizaci\u00f3n Operativa en beneficio de los Derechos Humanos y Sociales, para que nuestros discapacitados, personas con inconvenientes en su salud mental, celiacos, y todo el plexo de demandas sanitarias que requieran cobertura, con esta nueva sede provincial \u201cse tiende un puente que har\u00e1 de v\u00eda r\u00e1pida y directa para atender las necesidades de todos los beneficiarios\u201d.<\/p>\n<p style=\"text-align: justify;\">Asimismo se acord\u00f3 entre la Defensor\u00eda del Pueblo Provincial y el Gerente General de la Superintendencia de Servicios de Salud, Lic. Eduardo Escuti, junto al Subgerente, Luciano Haas, y al Delegado de la Sede Formosa, desburocratizar todo lo relativo al acceso a las prestaciones a las cuales est\u00e1n obligadas por Ley las obras sociales y que por ello es necesario siempre tener una autoridad no solamente de aplicaci\u00f3n de la normativa vigente, sino tambi\u00e9n que fiscalice y controle a las prestatarias de la medicina en Formosa, en beneficio del acceso a la salud de todos los ciudadanos formose\u00f1os.<\/p>\n","protected":false},"excerpt":{"rendered":"<p>Se inauguro la Sede Federal Formosa de la Superintendencia de Servicios de Salud, que estar\u00e1 a cargo del Dr. Ra\u00fal Ledesma, y con esto los usuarios de las Obras Sociales, Empresas de Medicina Prepaga y Agentes del Servicio de Salud, de nuestro medio podr\u00e1n obtener una atenci\u00f3n personalizada y profesional ya que las consultas tramites [&hellip;]<\/p>\n","protected":false},"author":1,"featured_media":40,"comment_status":"open","ping_status":"closed","sticky":false,"template":"","format":"standard","meta":{"footnotes":""},"categories":[1],"tags":[],"class_list":["post-39","post","type-post","status-publish","format-standard","has-post-thumbnail","hentry","category-noticias"],"_links":{"self":[{"href":"https:\/\/defensoriaformosa.gob.ar\/index.php?rest_route=\/wp\/v2\/posts\/39","targetHints":{"allow":["GET"]}}],"collection":[{"href":"https:\/\/defensoriaformosa.gob.ar\/index.php?rest_route=\/wp\/v2\/posts"}],"about":[{"href":"https:\/\/defensoriaformosa.gob.ar\/index.php?rest_route=\/wp\/v2\/types\/post"}],"author":[{"embeddable":true,"href":"https:\/\/defensoriaformosa.gob.ar\/index.php?rest_route=\/wp\/v2\/users\/1"}],"replies":[{"embeddable":true,"href":"https:\/\/defensoriaformosa.gob.ar\/index.php?rest_route=%2Fwp%2Fv2%2Fcomments&post=39"}],"version-history":[{"count":1,"href":"https:\/\/defensoriaformosa.gob.ar\/index.php?rest_route=\/wp\/v2\/posts\/39\/revisions"}],"predecessor-version":[{"id":41,"href":"https:\/\/defensoriaformosa.gob.ar\/index.php?rest_route=\/wp\/v2\/posts\/39\/revisions\/41"}],"wp:featuredmedia":[{"embeddable":true,"href":"https:\/\/defensoriaformosa.gob.ar\/index.php?rest_route=\/wp\/v2\/media\/40"}],"wp:attachment":[{"href":"https:\/\/defensoriaformosa.gob.ar\/index.php?rest_route=%2Fwp%2Fv2%2Fmedia&parent=39"}],"wp:term":[{"taxonomy":"category","embeddable":true,"href":"https:\/\/defensoriaformosa.gob.ar\/index.php?rest_route=%2Fwp%2Fv2%2Fcategories&post=39"},{"taxonomy":"post_tag","embeddable":true,"href":"https:\/\/defensoriaformosa.gob.ar\/index.php?rest_route=%2Fwp%2Fv2%2Ftags&post=39"}],"curies":[{"name":"wp","href":"https:\/\/api.w.org\/{rel}","templated":true}]}}