{"id":3899,"date":"2016-09-15T17:03:52","date_gmt":"2016-09-15T20:03:52","guid":{"rendered":"http:\/\/2015.defensoriaformosa.gob.ar\/?p=3899"},"modified":"2016-09-15T17:03:52","modified_gmt":"2016-09-15T20:03:52","slug":"participa-la-defensoria-del-pueblo-en-la-audiencia-publica-y-requerira-que-se-garantice-el-acceso-al-gas-natural-en-el-nea","status":"publish","type":"post","link":"https:\/\/defensoriaformosa.gob.ar\/?p=3899","title":{"rendered":"PARTICIPA LA DEFENSORIA DEL PUEBLO EN LA AUDIENCIA PUBLICA  Y REQUERIRA QUE SE GARANTICE EL ACCESO AL GAS NATURAL EN EL NEA"},"content":{"rendered":"<p style=\"text-align: justify;\"><strong>Desde la Defensor\u00eda del Pueblo de la Provincia de Formosa, se se\u00f1al\u00f3 que en el d\u00eda de la fecha, en la Usina del Arte de la Ciudad Aut\u00f3noma de Buenos Aires y en otros ocho (8) Centros de Participaci\u00f3n Virtual que funcionaran en cines, auditorios y salones de las ciudades de Ushuaia, Neuqu\u00e9n, Salta, C\u00f3rdoba, Paran\u00e1, Mendoza, Rosario y Santa Rosa, se iniciara la Audiencia P\u00fablica del Gas, ordenada por la Corte Suprema.<\/strong><\/p>\n<p style=\"text-align: justify;\"><!--more--><\/p>\n<p style=\"text-align: justify;\">El Ombudsman Provincial, Dr. Jos\u00e9 Leonardo Gialluca, quien se encuentra debidamente inscripto, en el Numero de Orden 25 de un total de 373 disertantes que fueron registrados por el Ente Nacional Regulador del Gas (ENARGAS); participara en nombre y representaci\u00f3n de los 600 mil potenciales usuarios que viven en la Provincia de Formosa, y tambi\u00e9n por los m\u00e1s de 4 millones de habitantes que posee el NEA, integrado por nuestra jurisdicci\u00f3n, Chaco, Corrientes y Misiones.<\/p>\n<p style=\"text-align: justify;\">El primero en exponer ser\u00e1 el ministro de Energ\u00eda, Juan Jos\u00e9 Aranguren, a partir de las 09:00; y tendr\u00e1 20 minutos, a continuaci\u00f3n, expondr\u00e1n el Gobernador de R\u00edo Negro, Alberto Weretilneck, y el Ministro de Energ\u00eda de Neuqu\u00e9n, Alejandro Nicola, que tendr\u00e1n 15 minutos cada uno.<\/p>\n<p style=\"text-align: justify;\">Con la misma cantidad de tiempo para exponer, est\u00e1n inscriptos los representantes de las empresas YPF, Fernando Giliberti; Total Austral, Hern\u00e1n Silva y por G&amp;G, Daniel Gustavo Gerold.<\/p>\n<p style=\"text-align: justify;\">M\u00e1s tarde ser\u00e1 el turno de las empresas Metrogas, Camuzzi Gas del Sur, Gasnor, que contar\u00e1n con 10 minutos, al igual que los Defensores del Pueblo en el que se encuentra el Titular \u00a0de la Provincia de Formosa.<\/p>\n<p style=\"text-align: justify;\">Por las asociaciones de consumidores se registraron 37 oradores, entre los que figuran Consumidores Libres, Deuco, Liga de Amas de Casa y Adelco, con 10 minutos cada uno.<\/p>\n<p style=\"text-align: justify;\">Los expertos sectoriales tendr\u00e1n 5 minutos para exponer: son representantes de ADIGAS, la Asociaci\u00f3n Argentina de Presupuesto y administraci\u00f3n financiera p\u00fablica, la consultora KPMG, la Universidad Di Tella, Asap y el exdiputado Claudio Lozano.<\/p>\n<p style=\"text-align: justify;\">Despu\u00e9s, est\u00e1 prevista la exposici\u00f3n de los sindicatos, entre los cuales se registraron el Sindicato de Prensa de Buenos Aires (Sipreba), el de Trabajadores del Gas, la CTA y la Asociaci\u00f3n del Personal Jer\u00e1rquico de Gas del Estado. A su t\u00e9rmino, hablar\u00e1n legisladores nacionales: Federico Masso, Andr\u00e9s Guzm\u00e1n, N\u00e9stor Pitrola, Federico Pinedo, Leonardo Grosso, Eduardo Amadeo y Axel Kiciloff, entre otros, todos con cinco minutos cada uno. Tambi\u00e9n expondr\u00e1n representantes de c\u00e1maras empresarias, como la UIA y CAME, entre otras.<\/p>\n<p style=\"text-align: justify;\">Por \u00faltimo, ser\u00e1 el turno del \u00abp\u00fablico en general\u00bb, con 191 personas registradas, entre quienes se encuentran los ex diputados Luis Zamora y Vilma Ripoll y el economista Agust\u00edn D&#8217;Atellis.<\/p>\n<p style=\"text-align: justify;\">El Ombudsman Provincial, se\u00f1alo que probaremos en la Audiencia la necesidad que posee nuestra regi\u00f3n del NEA, y en especial Formosa de contar con gas natural por redes, como una energ\u00eda alternativa mucho m\u00e1s econ\u00f3mica no solamente para los usuarios residenciales sino que tambi\u00e9n y principalmente para el desarrollo sustentable de las PyMES , y de la industria y por esto denunciaremos la discriminaci\u00f3n a la que estamos expuestos, al igual que otros grandes sectores o franjas sociales de nuestro pa\u00eds y adem\u00e1s que se eliminen las limitantes de la Ley Nacional N\u00ba\u00a0 26.095 que nos atan como regi\u00f3n concesionada a la Empresa GAS NEA la cual tiene graves inconvenientes econ\u00f3micos y por ello requeriremos al Gobierno Nacional que se deje sin efecto el Art. 10 de dicha norma para permitir otros financiamientos, con otras empresas y de esta forma poder integrar el lote de provincias con gas natural, en el menor tiempo material posible.<\/p>\n","protected":false},"excerpt":{"rendered":"<p>Desde la Defensor\u00eda del Pueblo de la Provincia de Formosa, se se\u00f1al\u00f3 que en el d\u00eda de la fecha, en la Usina del Arte de la Ciudad Aut\u00f3noma de Buenos Aires y en otros ocho (8) Centros de Participaci\u00f3n Virtual que funcionaran en cines, auditorios y salones de las ciudades de Ushuaia, Neuqu\u00e9n, Salta, C\u00f3rdoba, [&hellip;]<\/p>\n","protected":false},"author":1,"featured_media":3869,"comment_status":"closed","ping_status":"closed","sticky":false,"template":"","format":"standard","meta":{"footnotes":""},"categories":[1],"tags":[],"class_list":["post-3899","post","type-post","status-publish","format-standard","has-post-thumbnail","hentry","category-noticias"],"_links":{"self":[{"href":"https:\/\/defensoriaformosa.gob.ar\/index.php?rest_route=\/wp\/v2\/posts\/3899","targetHints":{"allow":["GET"]}}],"collection":[{"href":"https:\/\/defensoriaformosa.gob.ar\/index.php?rest_route=\/wp\/v2\/posts"}],"about":[{"href":"https:\/\/defensoriaformosa.gob.ar\/index.php?rest_route=\/wp\/v2\/types\/post"}],"author":[{"embeddable":true,"href":"https:\/\/defensoriaformosa.gob.ar\/index.php?rest_route=\/wp\/v2\/users\/1"}],"replies":[{"embeddable":true,"href":"https:\/\/defensoriaformosa.gob.ar\/index.php?rest_route=%2Fwp%2Fv2%2Fcomments&post=3899"}],"version-history":[{"count":1,"href":"https:\/\/defensoriaformosa.gob.ar\/index.php?rest_route=\/wp\/v2\/posts\/3899\/revisions"}],"predecessor-version":[{"id":3900,"href":"https:\/\/defensoriaformosa.gob.ar\/index.php?rest_route=\/wp\/v2\/posts\/3899\/revisions\/3900"}],"wp:featuredmedia":[{"embeddable":true,"href":"https:\/\/defensoriaformosa.gob.ar\/index.php?rest_route=\/wp\/v2\/media\/3869"}],"wp:attachment":[{"href":"https:\/\/defensoriaformosa.gob.ar\/index.php?rest_route=%2Fwp%2Fv2%2Fmedia&parent=3899"}],"wp:term":[{"taxonomy":"category","embeddable":true,"href":"https:\/\/defensoriaformosa.gob.ar\/index.php?rest_route=%2Fwp%2Fv2%2Fcategories&post=3899"},{"taxonomy":"post_tag","embeddable":true,"href":"https:\/\/defensoriaformosa.gob.ar\/index.php?rest_route=%2Fwp%2Fv2%2Ftags&post=3899"}],"curies":[{"name":"wp","href":"https:\/\/api.w.org\/{rel}","templated":true}]}}