{"id":3887,"date":"2016-09-12T16:25:31","date_gmt":"2016-09-12T19:25:31","guid":{"rendered":"http:\/\/2015.defensoriaformosa.gob.ar\/?p=3887"},"modified":"2016-09-12T16:25:31","modified_gmt":"2016-09-12T19:25:31","slug":"reclamo-la-defensoria-que-el-gobierno-nacional-garantice-la-generacion-y-comercializacion-de-energia-electrica-necesaria-para-los-proximos-meses-donde-subiran-las-temperaturas-y-los-consumos","status":"publish","type":"post","link":"https:\/\/defensoriaformosa.gob.ar\/?p=3887","title":{"rendered":"RECLAMO LA DEFENSORIA QUE EL GOBIERNO NACIONAL  GARANTICE LA GENERACION Y COMERCIALIZACION  DE ENERGIA ELECTRICA NECESARIA PARA LOS PROXIMOS MESES DONDE SUBIRAN LAS TEMPERATURAS Y LOS CONSUMOS"},"content":{"rendered":"<p style=\"text-align: justify;\"><strong>La afirmaci\u00f3n realizada por el Ministro de Energ\u00eda y Miner\u00eda de Naci\u00f3n, Juan Jos\u00e9 Aranguren en cuanto a que se prev\u00e9n fuertes cortes de energ\u00eda para el pr\u00f3ximo verano y que , \u201c todo va a depender de la temperatura que tengamos\u201d, impulso a la Defensor\u00eda del Pueblo de la Provincia a solicitarle a dicha Cartera y tambi\u00e9n al Ministro del Interior, Obras Publicas y Viviendas, Rogelio Frigerio,\u00a0 que se adopten desde ya todas las previsiones y programas necesarios para que ENARSA, CAMMESA y las Transportistas, \u201cno hagan faltar el fluido el\u00e9ctrico necesario para la Provincia de Formosa y todo el NEA\u201d.<\/strong><\/p>\n<p style=\"text-align: justify;\"><!--more--><\/p>\n<p style=\"text-align: justify;\">El Ombudsman Provincial, Dr. Jos\u00e9 Leonardo Gialluca, se\u00f1alo que sabemos perfectamente que en las pr\u00f3ximas semanas y hasta los meses de abril, mayo del 2017, tendremos en nuestro medio altas temperaturas y por ende consumos importantes de energ\u00eda el\u00e9ctrica que deber\u00e1 ser brindado por la empresa Distribuidora REFSA, quien a su vez depende de la energ\u00eda que se genere a nivel nacional, de la que comercialice CAMMESA y traigan hasta Formosa las Transportistas.<\/p>\n<p style=\"text-align: justify;\">Desde el Organismo de la Constituci\u00f3n se se\u00f1al\u00f3 a Aranguren que la Compa\u00f1\u00eda mixta Administradora del Mercado El\u00e9ctrica-\u00a0 CAMMESA-, advirti\u00f3 ya el 22 de enero del corriente a\u00f1o que al sistema el\u00e9ctrico nacional le falt\u00f3 el equivalente a 4 Centrales Atucha II; es decir un d\u00e9ficit energ\u00e9tico de m\u00e1s del 13% a nivel nacional\u00a0 y tambi\u00e9n puso sobre el tapete que si no se hacen las inversiones necesarias en forma inmediata, se producir\u00e1 un faltante de energ\u00eda mayor \u00a0en d\u00edas cr\u00edticos de 1000 MW, siendo optimistas al respecto.<\/p>\n<p style=\"text-align: justify;\">A su turno el Representante de la Defensor\u00eda del Pueblo de Naci\u00f3n en Formosa, Dr. Julio N\u00e9stor Santander, se\u00f1alo que por la actual falta de\u00a0 inversiones, el sistema nacional tiene una capacidad de producci\u00f3n en la Argentina de 21.000 a 22.000 Megavatios, siendo que el verano pasado la demanda fue de 25.000 megavatios y por ello no hay que ser \u201cmuy iluminado\u201d para vaticinar que habr\u00e1 fuertes cortes en el servicio el\u00e9ctrico, sino se toman medidas urgentes.<\/p>\n<p style=\"text-align: justify;\">Por ello es necesario que el Gobierno Nacional avance hacia una soluci\u00f3n en lo que respecta a la generaci\u00f3n de electricidad pues todos conocemos a esta altura del a\u00f1o que faltara energ\u00eda para distribuir en el pa\u00eds y en la actualidad \u00fanicamente se centran todas las acciones en los aumentos tarifarios, pero nadie explica absolutamente nada\u00a0 sobre inmediatas inversiones y como se llegara m\u00ednimamente a cubrir la demanda de energ\u00eda a nivel nacional, sobre todo para el NEA una regi\u00f3n exclusivamente electrodependiente, donde los usuarios residenciales, comerciales y las PyMES, no tenemos otras energ\u00edas alternativas.<\/p>\n","protected":false},"excerpt":{"rendered":"<p>La afirmaci\u00f3n realizada por el Ministro de Energ\u00eda y Miner\u00eda de Naci\u00f3n, Juan Jos\u00e9 Aranguren en cuanto a que se prev\u00e9n fuertes cortes de energ\u00eda para el pr\u00f3ximo verano y que , \u201c todo va a depender de la temperatura que tengamos\u201d, impulso a la Defensor\u00eda del Pueblo de la Provincia a solicitarle a dicha [&hellip;]<\/p>\n","protected":false},"author":1,"featured_media":3869,"comment_status":"closed","ping_status":"closed","sticky":false,"template":"","format":"standard","meta":{"footnotes":""},"categories":[1,3],"tags":[],"class_list":["post-3887","post","type-post","status-publish","format-standard","has-post-thumbnail","hentry","category-noticias","category-defensa-de-los-derechos-del-usuario-consumidor-contribuyentes"],"_links":{"self":[{"href":"https:\/\/defensoriaformosa.gob.ar\/index.php?rest_route=\/wp\/v2\/posts\/3887","targetHints":{"allow":["GET"]}}],"collection":[{"href":"https:\/\/defensoriaformosa.gob.ar\/index.php?rest_route=\/wp\/v2\/posts"}],"about":[{"href":"https:\/\/defensoriaformosa.gob.ar\/index.php?rest_route=\/wp\/v2\/types\/post"}],"author":[{"embeddable":true,"href":"https:\/\/defensoriaformosa.gob.ar\/index.php?rest_route=\/wp\/v2\/users\/1"}],"replies":[{"embeddable":true,"href":"https:\/\/defensoriaformosa.gob.ar\/index.php?rest_route=%2Fwp%2Fv2%2Fcomments&post=3887"}],"version-history":[{"count":1,"href":"https:\/\/defensoriaformosa.gob.ar\/index.php?rest_route=\/wp\/v2\/posts\/3887\/revisions"}],"predecessor-version":[{"id":3888,"href":"https:\/\/defensoriaformosa.gob.ar\/index.php?rest_route=\/wp\/v2\/posts\/3887\/revisions\/3888"}],"wp:featuredmedia":[{"embeddable":true,"href":"https:\/\/defensoriaformosa.gob.ar\/index.php?rest_route=\/wp\/v2\/media\/3869"}],"wp:attachment":[{"href":"https:\/\/defensoriaformosa.gob.ar\/index.php?rest_route=%2Fwp%2Fv2%2Fmedia&parent=3887"}],"wp:term":[{"taxonomy":"category","embeddable":true,"href":"https:\/\/defensoriaformosa.gob.ar\/index.php?rest_route=%2Fwp%2Fv2%2Fcategories&post=3887"},{"taxonomy":"post_tag","embeddable":true,"href":"https:\/\/defensoriaformosa.gob.ar\/index.php?rest_route=%2Fwp%2Fv2%2Ftags&post=3887"}],"curies":[{"name":"wp","href":"https:\/\/api.w.org\/{rel}","templated":true}]}}