{"id":3874,"date":"2016-09-08T17:06:51","date_gmt":"2016-09-08T20:06:51","guid":{"rendered":"http:\/\/2015.defensoriaformosa.gob.ar\/?p=3874"},"modified":"2016-09-08T17:10:33","modified_gmt":"2016-09-08T20:10:33","slug":"solicito-la-defensoria-al-ministerio-de-transporte-de-nacion-que-las-obras-ferroviarias-no-se-centralicen-unicamente-en-la-provincia-de-buenos-aires","status":"publish","type":"post","link":"https:\/\/defensoriaformosa.gob.ar\/?p=3874","title":{"rendered":"SOLICITO LA DEFENSORIA AL  MINISTERIO DE TRANSPORTE DE NACION, QUE LAS OBRAS FERROVIARIAS NO SE CENTRALICEN UNICAMENTE EN LA PROVINCIA DE BUENOS AIRES"},"content":{"rendered":"<p style=\"text-align: justify;\"><strong>Desde la -Direcci\u00f3n de Seguridad Vial- de la Defensor\u00eda del Pueblo de la Provincia de Formosa, se reiter\u00f3 al Gobierno Nacional , m\u00e1s precisamente a la Cartera que preside actualmente Guillermo Dietrich como Ministro de Transporte,\u00a0 al Ministerio del Interior, Obras P\u00fablicas y Vivienda,\u00a0 Rogelio Frigerio y al Titular de la Unidad Belgrano, Jos\u00e9 Cano, que se agilicen todas las acciones necesarias para sacar del punto muerto en que se encuentran los presupuestos y las ofertas adjudicadas referentes al Ramal Ferroviario C- 25 que atraviesa nuestra provincia y que constituye una obra necesaria para un desarrollo arm\u00f3nico y federal del Norte Argentino.<\/strong><\/p>\n<p style=\"text-align: justify;\"><!--more--><\/p>\n<p style=\"text-align: justify;\">El Ombudsman Provincial, Dr. Jos\u00e9 Leonardo Gialluca, se\u00f1alo que le parece bien que el Gobierno Nacional apueste a un megaproyecto ferroviario exclusivo para el \u00c1rea Metropolitana y que de esa forma tambi\u00e9n se encargue el mejoramiento de todas las l\u00edneas y estaciones \u00a0de trenes, con fondos que provienen de diferentes organismos entre ellos el BID y el Tesoro Nacional.<\/p>\n<p style=\"text-align: justify;\">No obstante lo cual, no compartimos que el Ministerio de Transporte y el Plan Belgrano releve a Formosa y a todo el NEA, con obras de infraestructuras que venimos demandando hace a\u00f1os y entendemos Institucionalmente que no se puede hablar de apoyar el desarrollo de las econom\u00edas regionales\u00a0 sino se las dota de un transporte de bajo costo y permanente como lo es el ferrocarril,\u00a0 que adem\u00e1s se convierte en un polo de progreso para todas las comunidades de nuestro interior provincial.<\/p>\n<p style=\"text-align: justify;\">Por ultimo se\u00f1alo que esperamos del Gobierno Nacional una pronta decisi\u00f3n pol\u00edtica que permita poner en marcha el Ramal C- 25 y otras obras de infraestructura que faciliten un progreso federal y arm\u00f3nico para todas las regiones del pa\u00eds.<\/p>\n","protected":false},"excerpt":{"rendered":"<p>Desde la -Direcci\u00f3n de Seguridad Vial- de la Defensor\u00eda del Pueblo de la Provincia de Formosa, se reiter\u00f3 al Gobierno Nacional , m\u00e1s precisamente a la Cartera que preside actualmente Guillermo Dietrich como Ministro de Transporte,\u00a0 al Ministerio del Interior, Obras P\u00fablicas y Vivienda,\u00a0 Rogelio Frigerio y al Titular de la Unidad Belgrano, Jos\u00e9 Cano, [&hellip;]<\/p>\n","protected":false},"author":1,"featured_media":3875,"comment_status":"closed","ping_status":"closed","sticky":false,"template":"","format":"standard","meta":{"footnotes":""},"categories":[1],"tags":[],"class_list":["post-3874","post","type-post","status-publish","format-standard","has-post-thumbnail","hentry","category-noticias"],"_links":{"self":[{"href":"https:\/\/defensoriaformosa.gob.ar\/index.php?rest_route=\/wp\/v2\/posts\/3874","targetHints":{"allow":["GET"]}}],"collection":[{"href":"https:\/\/defensoriaformosa.gob.ar\/index.php?rest_route=\/wp\/v2\/posts"}],"about":[{"href":"https:\/\/defensoriaformosa.gob.ar\/index.php?rest_route=\/wp\/v2\/types\/post"}],"author":[{"embeddable":true,"href":"https:\/\/defensoriaformosa.gob.ar\/index.php?rest_route=\/wp\/v2\/users\/1"}],"replies":[{"embeddable":true,"href":"https:\/\/defensoriaformosa.gob.ar\/index.php?rest_route=%2Fwp%2Fv2%2Fcomments&post=3874"}],"version-history":[{"count":2,"href":"https:\/\/defensoriaformosa.gob.ar\/index.php?rest_route=\/wp\/v2\/posts\/3874\/revisions"}],"predecessor-version":[{"id":3880,"href":"https:\/\/defensoriaformosa.gob.ar\/index.php?rest_route=\/wp\/v2\/posts\/3874\/revisions\/3880"}],"wp:featuredmedia":[{"embeddable":true,"href":"https:\/\/defensoriaformosa.gob.ar\/index.php?rest_route=\/wp\/v2\/media\/3875"}],"wp:attachment":[{"href":"https:\/\/defensoriaformosa.gob.ar\/index.php?rest_route=%2Fwp%2Fv2%2Fmedia&parent=3874"}],"wp:term":[{"taxonomy":"category","embeddable":true,"href":"https:\/\/defensoriaformosa.gob.ar\/index.php?rest_route=%2Fwp%2Fv2%2Fcategories&post=3874"},{"taxonomy":"post_tag","embeddable":true,"href":"https:\/\/defensoriaformosa.gob.ar\/index.php?rest_route=%2Fwp%2Fv2%2Ftags&post=3874"}],"curies":[{"name":"wp","href":"https:\/\/api.w.org\/{rel}","templated":true}]}}