{"id":3871,"date":"2016-09-07T16:23:25","date_gmt":"2016-09-07T19:23:25","guid":{"rendered":"http:\/\/2015.defensoriaformosa.gob.ar\/?p=3871"},"modified":"2016-09-07T16:23:25","modified_gmt":"2016-09-07T19:23:25","slug":"califico-la-defensoria-del-pueblo-al-fallo-de-la-corte-que-habilito-el-aumento-en-las-tarifas-electricas-como-un-retroceso-de-derechos-y-una-sobreactuacion-para-no-expedirse-sobre-el-fondo-de-lo-pla","status":"publish","type":"post","link":"https:\/\/defensoriaformosa.gob.ar\/?p=3871","title":{"rendered":"CALIFICO LA DEFENSORIA DEL PUEBLO AL FALLO DE LA CORTE QUE HABILITO EL AUMENTO EN LAS TARIFAS ELECTRICAS, COMO UN RETROCESO DE DERECHOS Y  UNA SOBREACTUACION PARA NO EXPEDIRSE SOBRE EL FONDO DE LO PLANTEADO"},"content":{"rendered":"<p style=\"text-align: justify;\"><strong>La Corte Suprema de Justicia rechaz\u00f3 la cautelar que hab\u00eda frenado el tarifazo el\u00e9ctrico en la provincia de Buenos Aires, con esta decisi\u00f3n habilit\u00f3 los aumentos superiores al 500% por cuestiones procesales sin pronunciarse sobre la cuesti\u00f3n de fondo. El Ombudsman Provincial, Dr. Jos\u00e9 Leonardo Gialluca,\u00a0 sostuvo\u00a0 que el fallo de la Corte est\u00e1 mal porque incurre en cuestiones sobre las que no tiene competencia para revisar; y lo hace asumiendo un \u201ccriterio restrictivo y ritualista\u201d, que sobreact\u00faa con un lenguaje dur\u00edsimo sobre \u00a0la deslegitimaci\u00f3n de este tipo de representaciones colectivas.<\/strong><\/p>\n<p style=\"text-align: justify;\"><!--more--><\/p>\n<p style=\"text-align: justify;\">Institucionalmente, est\u00e1 bien que la Corte revise la legitimaci\u00f3n\u00a0 porque el Poder Judicial esta para resolver conflictos entre partes y no para emitir fallos a pedido de cualquiera, en este sentido la Corte ha venido sosteniendo que no acepta que un diputado se presente en nombre de todo el Pueblo, y lo ratifica en este Fallo, lo mismo para los partidos pol\u00edticos, pero en lo que respecta a la Defensor\u00eda de Buenos Aires que se encuentra \u201cac\u00e9fala\u201d, sin titular, desde febrero del 2015 y que existe un Acta de la Legislatura Provincial que establece que la -continuidad operativa- de la Defensor\u00eda del Pueblo de Buenos Aires queda a cargo de su Secretario General hasta tanto se culmine con el proceso de elecci\u00f3n y designaci\u00f3n del Defensor del Pueblo de la Provincia, a trav\u00e9s de un Acta de la Legislatura que constituye Derecho P\u00fablico Provincial, algo que la Corte Suprema no tiene competencia para revisar y sin embargo lo ha hecho, y en el peor sentido, restrictivo y ritualista pues la Corte dice que solo el Defensor regularmente designado puede actuar en nombre del Pueblo y por eso hace caer su legitimaci\u00f3n.<\/p>\n<p style=\"text-align: justify;\">Gialluca considero que\u00a0 la Corte Suprema no le puede \u201cenrostrar al Dr. Marcelo Honores\u201d haber realizado \u201cuna actuaci\u00f3n de facto\u201d, pues quien se encuentra a cargo de la Defensor\u00eda de la Provincia de Buenos Aires no ha invocado un t\u00edtulo que no carece, pues nunca se present\u00f3 como Defensor del Pueblo sino como Interino a cargo, pero a trav\u00e9s de una interpretaci\u00f3n sem\u00e1ntica la Corte se olvida que una Defensor\u00eda del Pueblo es un \u00d3rgano no una Persona y su continuidad operativa no puede ser otra que la de defender los derechos de los usuarios, en esto debemos tener en cuenta que hasta los mismos jueces incluso pueden v\u00e1lidamente dictar medidas provisorias en un Amparo aun siendo incompetentes y aqu\u00ed la Corte ha usado estos argumentos improcedentes para no fallar sobre el fondo de un caso que es ostensiblemente colectivo y su actuar confirma que este Fallo tiene un criterio pol\u00edticamente compensatorio y constituye un retroceso de derechos por lo cual entendemos que el Dr. Marcelo Honores tiene toda la legitimidad para actuar como lo hizo y por ello Gialluca tambi\u00e9n fustigo fuertemente a los Jueces Federales Subrogantes como en el caso de Formosa, que haciendo un an\u00e1lisis parcialista de las normativas vigentes, pretenden negarnos legitimidad para defender a los usuarios y con ello preservan beneficios econ\u00f3micos\u00a0 a favor de las empresas y de los gobiernos.<\/p>\n<p style=\"text-align: justify;\">\n","protected":false},"excerpt":{"rendered":"<p>La Corte Suprema de Justicia rechaz\u00f3 la cautelar que hab\u00eda frenado el tarifazo el\u00e9ctrico en la provincia de Buenos Aires, con esta decisi\u00f3n habilit\u00f3 los aumentos superiores al 500% por cuestiones procesales sin pronunciarse sobre la cuesti\u00f3n de fondo. El Ombudsman Provincial, Dr. Jos\u00e9 Leonardo Gialluca,\u00a0 sostuvo\u00a0 que el fallo de la Corte est\u00e1 mal [&hellip;]<\/p>\n","protected":false},"author":1,"featured_media":3872,"comment_status":"closed","ping_status":"closed","sticky":false,"template":"","format":"standard","meta":{"footnotes":""},"categories":[1,3],"tags":[],"class_list":["post-3871","post","type-post","status-publish","format-standard","has-post-thumbnail","hentry","category-noticias","category-defensa-de-los-derechos-del-usuario-consumidor-contribuyentes"],"_links":{"self":[{"href":"https:\/\/defensoriaformosa.gob.ar\/index.php?rest_route=\/wp\/v2\/posts\/3871","targetHints":{"allow":["GET"]}}],"collection":[{"href":"https:\/\/defensoriaformosa.gob.ar\/index.php?rest_route=\/wp\/v2\/posts"}],"about":[{"href":"https:\/\/defensoriaformosa.gob.ar\/index.php?rest_route=\/wp\/v2\/types\/post"}],"author":[{"embeddable":true,"href":"https:\/\/defensoriaformosa.gob.ar\/index.php?rest_route=\/wp\/v2\/users\/1"}],"replies":[{"embeddable":true,"href":"https:\/\/defensoriaformosa.gob.ar\/index.php?rest_route=%2Fwp%2Fv2%2Fcomments&post=3871"}],"version-history":[{"count":1,"href":"https:\/\/defensoriaformosa.gob.ar\/index.php?rest_route=\/wp\/v2\/posts\/3871\/revisions"}],"predecessor-version":[{"id":3873,"href":"https:\/\/defensoriaformosa.gob.ar\/index.php?rest_route=\/wp\/v2\/posts\/3871\/revisions\/3873"}],"wp:featuredmedia":[{"embeddable":true,"href":"https:\/\/defensoriaformosa.gob.ar\/index.php?rest_route=\/wp\/v2\/media\/3872"}],"wp:attachment":[{"href":"https:\/\/defensoriaformosa.gob.ar\/index.php?rest_route=%2Fwp%2Fv2%2Fmedia&parent=3871"}],"wp:term":[{"taxonomy":"category","embeddable":true,"href":"https:\/\/defensoriaformosa.gob.ar\/index.php?rest_route=%2Fwp%2Fv2%2Fcategories&post=3871"},{"taxonomy":"post_tag","embeddable":true,"href":"https:\/\/defensoriaformosa.gob.ar\/index.php?rest_route=%2Fwp%2Fv2%2Ftags&post=3871"}],"curies":[{"name":"wp","href":"https:\/\/api.w.org\/{rel}","templated":true}]}}