{"id":3865,"date":"2016-09-06T20:12:16","date_gmt":"2016-09-06T23:12:16","guid":{"rendered":"http:\/\/2015.defensoriaformosa.gob.ar\/?p=3865"},"modified":"2016-09-06T20:12:16","modified_gmt":"2016-09-06T23:12:16","slug":"desde-la-defensoria-lamentaron-que-la-corte-suprema-convalidara-el-tarifazo-de-la-energia-electrica-mediante-un-tecnicismo-legal","status":"publish","type":"post","link":"https:\/\/defensoriaformosa.gob.ar\/?p=3865","title":{"rendered":"DESDE LA DEFENSOR\u00cdA LAMENTARON QUE LA CORTE SUPREMA CONVALIDARA EL TARIFAZO DE LA ENERG\u00cdA EL\u00c9CTRICA MEDIANTE UN TECNICISMO LEGAL"},"content":{"rendered":"<p style=\"text-align: justify;\"><strong>Dura fue postura del Defensor del Pueblo de la Provincia, al conocerse el Fallo de la Corte Suprema que dej\u00f3 sin efecto las decisiones de los Jueces Federales de instancias inferiores que declaraban inv\u00e1lidas las abruptas subas de la energ\u00eda el\u00e9ctrica sin haber mediado Audiencia P\u00fablica previa.<\/strong><\/p>\n<p style=\"text-align: justify;\"><!--more--><\/p>\n<p style=\"text-align: justify;\">Sobre el particular, el Ombudsman Provincial, Jos\u00e9 Leonardo Gialluca, quien se encuentra en la Ciudad de Buenos Aires, justamente, analizando las instancias previas a la Audiencia P\u00fablica para la fijaci\u00f3n de tarifas de la energ\u00eda el\u00e9ctrica, manifest\u00f3: \u201cEs lamentable que, por un tecnicismo legal se haya dejado de lado la posibilidad de poner l\u00edmites a quienes eventualmente conducen los destinos de la Naci\u00f3n, en el sentido de que no pueden, de la noche a la ma\u00f1ana, imponernos subas abismales en los servicios p\u00fablicos, atentatorias de los intereses econ\u00f3micos de los usuarios de todo el pa\u00eds. En el caso, abund\u00f3 el funcionario, las acciones fueron desestimadas por no estar facultados para actuar, quien se presentaba como Defensor del Pueblo de la Naci\u00f3n, por no tener las Asociaciones de Defensa de los Usuarios que se presentaron representaci\u00f3n suficiente para llevar la voz de todos los argentinos y porque el Club Deportivo que tuvo la valent\u00eda de acompa\u00f1ar la demanda, no representaba a una asociaci\u00f3n de clubes.<\/p>\n<p style=\"text-align: justify;\">No se pudo hablar del marco de ilegalidad en el que, pr\u00e1cticamente, son confiscados los ingresos de las familias argentinas, a partir de un tarifazo dispuesto de espalda a la Constituci\u00f3n y a las Leyes de la Naci\u00f3n. Con todo el respeto que merece la Corte Suprema de Justicia de la Naci\u00f3n, fustig\u00f3 Gialluca, nos preguntamos \u00bfCu\u00e1l es la \u00faltima instancia para que los usuarios podamos contar con informaci\u00f3n adecuada y veraz de las condiciones en la que se nos presta los servicios?. \u00bfQui\u00e9n exigir\u00e1 a nuestras autoridades que velen por nuestros intereses econ\u00f3micos frente a las empresas monop\u00f3licas que prestan servicios p\u00fablicos como la provisi\u00f3n de la energ\u00eda (ENARSA)?, para los que nos encontramos comprometidos con la Defensa de los Derechos de los Usuarios, finaliz\u00f3 diciendo, el Fallo nos parece \u201clamentable\u201d.-<\/p>\n","protected":false},"excerpt":{"rendered":"<p>Dura fue postura del Defensor del Pueblo de la Provincia, al conocerse el Fallo de la Corte Suprema que dej\u00f3 sin efecto las decisiones de los Jueces Federales de instancias inferiores que declaraban inv\u00e1lidas las abruptas subas de la energ\u00eda el\u00e9ctrica sin haber mediado Audiencia P\u00fablica previa.<\/p>\n","protected":false},"author":1,"featured_media":3866,"comment_status":"closed","ping_status":"closed","sticky":false,"template":"","format":"standard","meta":{"footnotes":""},"categories":[1,3],"tags":[],"class_list":["post-3865","post","type-post","status-publish","format-standard","has-post-thumbnail","hentry","category-noticias","category-defensa-de-los-derechos-del-usuario-consumidor-contribuyentes"],"_links":{"self":[{"href":"https:\/\/defensoriaformosa.gob.ar\/index.php?rest_route=\/wp\/v2\/posts\/3865","targetHints":{"allow":["GET"]}}],"collection":[{"href":"https:\/\/defensoriaformosa.gob.ar\/index.php?rest_route=\/wp\/v2\/posts"}],"about":[{"href":"https:\/\/defensoriaformosa.gob.ar\/index.php?rest_route=\/wp\/v2\/types\/post"}],"author":[{"embeddable":true,"href":"https:\/\/defensoriaformosa.gob.ar\/index.php?rest_route=\/wp\/v2\/users\/1"}],"replies":[{"embeddable":true,"href":"https:\/\/defensoriaformosa.gob.ar\/index.php?rest_route=%2Fwp%2Fv2%2Fcomments&post=3865"}],"version-history":[{"count":1,"href":"https:\/\/defensoriaformosa.gob.ar\/index.php?rest_route=\/wp\/v2\/posts\/3865\/revisions"}],"predecessor-version":[{"id":3867,"href":"https:\/\/defensoriaformosa.gob.ar\/index.php?rest_route=\/wp\/v2\/posts\/3865\/revisions\/3867"}],"wp:featuredmedia":[{"embeddable":true,"href":"https:\/\/defensoriaformosa.gob.ar\/index.php?rest_route=\/wp\/v2\/media\/3866"}],"wp:attachment":[{"href":"https:\/\/defensoriaformosa.gob.ar\/index.php?rest_route=%2Fwp%2Fv2%2Fmedia&parent=3865"}],"wp:term":[{"taxonomy":"category","embeddable":true,"href":"https:\/\/defensoriaformosa.gob.ar\/index.php?rest_route=%2Fwp%2Fv2%2Fcategories&post=3865"},{"taxonomy":"post_tag","embeddable":true,"href":"https:\/\/defensoriaformosa.gob.ar\/index.php?rest_route=%2Fwp%2Fv2%2Ftags&post=3865"}],"curies":[{"name":"wp","href":"https:\/\/api.w.org\/{rel}","templated":true}]}}