{"id":3856,"date":"2016-09-02T17:29:09","date_gmt":"2016-09-02T20:29:09","guid":{"rendered":"http:\/\/2015.defensoriaformosa.gob.ar\/?p=3856"},"modified":"2016-09-02T17:29:09","modified_gmt":"2016-09-02T20:29:09","slug":"las-reparaciones-a-los-conscriptos-del-rim-29-y-sus-familiares-son-derechos-humanos-que-deben-ser-concedidas-sin-ninguna-mesquindad-ideologica-ni-partidaria","status":"publish","type":"post","link":"https:\/\/defensoriaformosa.gob.ar\/?p=3856","title":{"rendered":"LAS REPARACIONES A LOS CONSCRIPTOS DEL RIM 29 Y SUS FAMILIARES SON DERECHOS HUMANOS  QUE DEBEN  SER CONCEDIDAS SIN NINGUNA MESQUINDAD IDEOLOGICA NI PARTIDARIA"},"content":{"rendered":"<p style=\"text-align: justify;\"><strong>Desde la \u2013 Direcci\u00f3n de Derechos Humanos y Grupos Minoritarios, Discriminaci\u00f3n, Xenofobia, Trata de Personas, Discapacidad- de la Defensor\u00eda del Pueblo de la Provincia de Formosa, se peticiono formalmente al actual Ministro de Justicia y Derechos Humanos, Dr. German Garavano y a la Secretar\u00eda de Derechos Humanos y Pluralismo Cultural a cargo del Lic. Claudio Bernardo Avruj, que en base a los antecedentes\u00a0 existentes en el Congreso de la Naci\u00f3n y que establecen que las familias de los 16 conscriptos ca\u00eddos en el ataque del 5 de Octubre de 1975 en el RIM 29, perciban como indemnizaci\u00f3n por \u00fanica vez, una suma de dinero, lo cual en su momento fue aprobado en la C\u00e1mara Baja, por 135 votos a favor, 18 en contra y 43 abstenciones. <\/strong><\/p>\n<p style=\"text-align: justify;\"><!--more--><\/p>\n<p style=\"text-align: justify;\">Esa iniciativa obtuvo el repudio y el rechazo de la agrupaci\u00f3n H.I.J.O.S. y de la Liga Argentina por los Derechos del Hombre que critico el intento e hizo un llamado a las fuerzas pol\u00edticas populares a redoblar sus esfuerzos para impedir que el proyecto se convierta finalmente en ley en el Senado y por la Asociaci\u00f3n de abogados por los Derechos Humanos que argumentaron que los soldados afectados, en la mayor\u00eda de los casos, han percibido indemnizaciones en su \u00e1mbito administrativo en los tiempos inmediatamente posteriores como ocurriera con los afectados militares en otros hechos similares. Finalmente tras estas pol\u00e9micas, diferentes proyectos fueron perdiendo estado parlamentario y lo que es peor nuestros h\u00e9roes del 5 de Octubre, a 41 a\u00f1os de haber defendido un Gobierno Democr\u00e1tico, van desapareciendo lentamente sin que el Estado Nacional les reconozca una reparaci\u00f3n econ\u00f3mica para los que a\u00fan viven y\/o para sus derechos habientes, para los que ya fallecieron, y por ello acudimos a estas instancias nacionales, de modo que este resarcimiento legitimo sea aprobado en el Congreso de la Naci\u00f3n en el menor tiempo material posible, pues todo lo que se deb\u00eda discutir ya se realiz\u00f3 y ahora lo \u00fanico que resta es \u00fanicamente, \u201cse\u00f1alo el Ombudsman Provincial, es la voluntad pol\u00edtica del Ejecutivo y del Legislativo de cerrar ese cap\u00edtulo tan caro a todos los formose\u00f1os que a\u00f1o tras a\u00f1o, los 5 de octubre , nos queda una sensaci\u00f3n de no haber podido cumplir con quienes ofrendaron sus vidas en defensa de las Instituciones y por ello Institucionalmente continuaremos insistiendo en que les sea otorgada dicha reparaci\u00f3n, pues nadie puede oponerse a ello con alg\u00fan fundamento valido\u201d.<\/p>\n<p style=\"text-align: center;\"><img loading=\"lazy\" decoding=\"async\" class=\"size-full wp-image-3857 alignleft\" src=\"https:\/\/2015.defensoriaformosa.gob.ar\/wp-content\/uploads\/2016\/09\/CONSCRIPTOS-caidos-malvinas.jpg\" alt=\"CONSCRIPTOS caidos malvinas\" width=\"454\" height=\"315\" srcset=\"https:\/\/defensoriaformosa.gob.ar\/wp-content\/uploads\/2016\/09\/CONSCRIPTOS-caidos-malvinas.jpg 454w, https:\/\/defensoriaformosa.gob.ar\/wp-content\/uploads\/2016\/09\/CONSCRIPTOS-caidos-malvinas-300x208.jpg 300w\" sizes=\"auto, (max-width: 454px) 100vw, 454px\" \/><\/p>\n<p>&nbsp;<\/p>\n","protected":false},"excerpt":{"rendered":"<p>Desde la \u2013 Direcci\u00f3n de Derechos Humanos y Grupos Minoritarios, Discriminaci\u00f3n, Xenofobia, Trata de Personas, Discapacidad- de la Defensor\u00eda del Pueblo de la Provincia de Formosa, se peticiono formalmente al actual Ministro de Justicia y Derechos Humanos, Dr. German Garavano y a la Secretar\u00eda de Derechos Humanos y Pluralismo Cultural a cargo del Lic. Claudio [&hellip;]<\/p>\n","protected":false},"author":1,"featured_media":3857,"comment_status":"closed","ping_status":"closed","sticky":false,"template":"","format":"standard","meta":{"footnotes":""},"categories":[4,1],"tags":[],"class_list":["post-3856","post","type-post","status-publish","format-standard","has-post-thumbnail","hentry","category-ddhh","category-noticias"],"_links":{"self":[{"href":"https:\/\/defensoriaformosa.gob.ar\/index.php?rest_route=\/wp\/v2\/posts\/3856","targetHints":{"allow":["GET"]}}],"collection":[{"href":"https:\/\/defensoriaformosa.gob.ar\/index.php?rest_route=\/wp\/v2\/posts"}],"about":[{"href":"https:\/\/defensoriaformosa.gob.ar\/index.php?rest_route=\/wp\/v2\/types\/post"}],"author":[{"embeddable":true,"href":"https:\/\/defensoriaformosa.gob.ar\/index.php?rest_route=\/wp\/v2\/users\/1"}],"replies":[{"embeddable":true,"href":"https:\/\/defensoriaformosa.gob.ar\/index.php?rest_route=%2Fwp%2Fv2%2Fcomments&post=3856"}],"version-history":[{"count":1,"href":"https:\/\/defensoriaformosa.gob.ar\/index.php?rest_route=\/wp\/v2\/posts\/3856\/revisions"}],"predecessor-version":[{"id":3858,"href":"https:\/\/defensoriaformosa.gob.ar\/index.php?rest_route=\/wp\/v2\/posts\/3856\/revisions\/3858"}],"wp:featuredmedia":[{"embeddable":true,"href":"https:\/\/defensoriaformosa.gob.ar\/index.php?rest_route=\/wp\/v2\/media\/3857"}],"wp:attachment":[{"href":"https:\/\/defensoriaformosa.gob.ar\/index.php?rest_route=%2Fwp%2Fv2%2Fmedia&parent=3856"}],"wp:term":[{"taxonomy":"category","embeddable":true,"href":"https:\/\/defensoriaformosa.gob.ar\/index.php?rest_route=%2Fwp%2Fv2%2Fcategories&post=3856"},{"taxonomy":"post_tag","embeddable":true,"href":"https:\/\/defensoriaformosa.gob.ar\/index.php?rest_route=%2Fwp%2Fv2%2Ftags&post=3856"}],"curies":[{"name":"wp","href":"https:\/\/api.w.org\/{rel}","templated":true}]}}