{"id":3847,"date":"2016-09-01T14:21:25","date_gmt":"2016-09-01T17:21:25","guid":{"rendered":"http:\/\/2015.defensoriaformosa.gob.ar\/?p=3847"},"modified":"2016-09-01T14:21:25","modified_gmt":"2016-09-01T17:21:25","slug":"informo-la-defensoria-del-pueblo-que-los-ex-combatientes-de-malvinas-podran-cobrar-una-pension-desde-1-982-al-reconocerseles-el-estatus-de-veterano-de-guerra-desde-el-inicio-del-conflicto-belico","status":"publish","type":"post","link":"https:\/\/defensoriaformosa.gob.ar\/?p=3847","title":{"rendered":"INFORMO LA DEFENSORIA DEL PUEBLO QUE LOS EX COMBATIENTES DE MALVINAS PODRAN COBRAR UNA PENSION DESDE 1.982 AL RECONOCERSELES EL ESTATUS DE VETERANO DE GUERRA DESDE EL INICIO DEL CONFLICTO BELICO"},"content":{"rendered":"<p style=\"text-align: justify;\"><strong>Un grupo de conscriptos, ex combatientes de la guerra de Malvinas, interpuso una denuncia contra la ANSeS con el fin de percibir una pensi\u00f3n honor\u00edfica de veterano de guerra desde el comienzo del conflicto b\u00e9lico hasta la sanci\u00f3n de la Ley N\u00ba 24.652 (publicada en el Bolet\u00edn Oficial el 28\/06\/1996), m\u00e1s las actualizaciones, costas e intereses y tasa, seg\u00fan correspondan.<\/strong><\/p>\n<p style=\"text-align: justify;\"><!--more--><\/p>\n<p style=\"text-align: justify;\">Al mismo tiempo pidieron que se declare inconstitucional el art\u00edculo 5 del Decreto Reglamentario N\u00ba 2.364\/90 que registraba a todos aquellos que hab\u00eda sido parte de la guerra con previa certificaci\u00f3n del Ministerio de Defensa.<\/p>\n<p style=\"text-align: justify;\">La ANSeS rechaz\u00f3 la solicitud e interpret\u00f3 que la fecha inicial de pago es la de la promulgaci\u00f3n de la ley antes citada y \u00a0opuso adem\u00e1s la prescripci\u00f3n de dos (2) a\u00f1os anteriores a la solicitud del beneficio.<\/p>\n<p style=\"text-align: justify;\">Desde la Defensor\u00eda del Pueblo se inform\u00f3 que el Fiscal Federal de la Seguridad Social, Dr. Gabriel de Vedia dictamin\u00f3 que los ex combatientes de Malvinas deber\u00e1n tener el estatus de Veterano de Guerra desde el inicio del conflicto b\u00e9lico y en consecuencia cobrar una pensi\u00f3n en compensaci\u00f3n, todo ello en el marco de una causa judicial en la cual se cuestionaba si los titulares de las pensiones tienen derecho o no a la liquidaci\u00f3n del beneficio desde el 2 de Abril de 1982 hasta la entrada en vigencia de la Ley N\u00ba 24.652 en junio de 1996.<\/p>\n<p style=\"text-align: justify;\">Es evidente que la intenci\u00f3n del legislador y el esp\u00edritu de la ley han sido establecer un reconocimiento y reivindicaci\u00f3n hist\u00f3ricas, de forma que \u201ccarecer\u00eda de sentido y hasta resultar\u00eda contradictorio que se considerara veterano de guerra a partir del d\u00eda de la presentaci\u00f3n de solicitud y no desde el mismo d\u00eda en que inici\u00f3 o al menos en que ces\u00f3 el conflicto\u201d.<\/p>\n<p style=\"text-align: justify;\">Por eso, el Fiscal Federal de la Seguridad Social consider\u00f3 que el cuestionado art\u00edculo 5 del decreto 2634\/90 \u201ces una clara discriminaci\u00f3n\u201d, en tanto el Congreso consider\u00f3 veterano de guerra a quienes participaron en el conflicto \u201ccon total independencia de lo que pudiera ocurrir a cada uno de ellos\u201d. As\u00ed, concluy\u00f3 en que se es \u2018veterano de guerra\u2019 desde el mismo momento\u201d en que inici\u00f3 el conflicto b\u00e9lico, y \u201cen el peor de los casos\u201d desde la fecha en que ces\u00f3.<\/p>\n<p style=\"text-align: justify;\">Desde el Organismo de la Constituci\u00f3n Provincial, se inform\u00f3 a todos los ex combatientes de Malvinas que se encuentren dentro de esta situaci\u00f3n o tengan alguna duda sobre sus derechos que podr\u00e1n ser debidamente asesorados en la sede del Organismo o a trav\u00e9s de los correos electr\u00f3nicos <a href=\"mailto:depuefor@fibertel.com.ar\">depuefor@fibertel.com.ar<\/a>; <a href=\"mailto:denuncia@formosa.gov.ar\">denuncia@formosa.gov.ar<\/a> o al 08004441770<\/p>\n","protected":false},"excerpt":{"rendered":"<p>Un grupo de conscriptos, ex combatientes de la guerra de Malvinas, interpuso una denuncia contra la ANSeS con el fin de percibir una pensi\u00f3n honor\u00edfica de veterano de guerra desde el comienzo del conflicto b\u00e9lico hasta la sanci\u00f3n de la Ley N\u00ba 24.652 (publicada en el Bolet\u00edn Oficial el 28\/06\/1996), m\u00e1s las actualizaciones, costas e [&hellip;]<\/p>\n","protected":false},"author":1,"featured_media":3848,"comment_status":"closed","ping_status":"closed","sticky":false,"template":"","format":"standard","meta":{"footnotes":""},"categories":[4,1],"tags":[],"class_list":["post-3847","post","type-post","status-publish","format-standard","has-post-thumbnail","hentry","category-ddhh","category-noticias"],"_links":{"self":[{"href":"https:\/\/defensoriaformosa.gob.ar\/index.php?rest_route=\/wp\/v2\/posts\/3847","targetHints":{"allow":["GET"]}}],"collection":[{"href":"https:\/\/defensoriaformosa.gob.ar\/index.php?rest_route=\/wp\/v2\/posts"}],"about":[{"href":"https:\/\/defensoriaformosa.gob.ar\/index.php?rest_route=\/wp\/v2\/types\/post"}],"author":[{"embeddable":true,"href":"https:\/\/defensoriaformosa.gob.ar\/index.php?rest_route=\/wp\/v2\/users\/1"}],"replies":[{"embeddable":true,"href":"https:\/\/defensoriaformosa.gob.ar\/index.php?rest_route=%2Fwp%2Fv2%2Fcomments&post=3847"}],"version-history":[{"count":1,"href":"https:\/\/defensoriaformosa.gob.ar\/index.php?rest_route=\/wp\/v2\/posts\/3847\/revisions"}],"predecessor-version":[{"id":3849,"href":"https:\/\/defensoriaformosa.gob.ar\/index.php?rest_route=\/wp\/v2\/posts\/3847\/revisions\/3849"}],"wp:featuredmedia":[{"embeddable":true,"href":"https:\/\/defensoriaformosa.gob.ar\/index.php?rest_route=\/wp\/v2\/media\/3848"}],"wp:attachment":[{"href":"https:\/\/defensoriaformosa.gob.ar\/index.php?rest_route=%2Fwp%2Fv2%2Fmedia&parent=3847"}],"wp:term":[{"taxonomy":"category","embeddable":true,"href":"https:\/\/defensoriaformosa.gob.ar\/index.php?rest_route=%2Fwp%2Fv2%2Fcategories&post=3847"},{"taxonomy":"post_tag","embeddable":true,"href":"https:\/\/defensoriaformosa.gob.ar\/index.php?rest_route=%2Fwp%2Fv2%2Ftags&post=3847"}],"curies":[{"name":"wp","href":"https:\/\/api.w.org\/{rel}","templated":true}]}}