{"id":3844,"date":"2016-09-01T14:17:10","date_gmt":"2016-09-01T17:17:10","guid":{"rendered":"http:\/\/2015.defensoriaformosa.gob.ar\/?p=3844"},"modified":"2016-09-01T14:17:10","modified_gmt":"2016-09-01T17:17:10","slug":"propuso-la-defensoria-del-pueblo-que-un-15-de-las-gondolas-de-las-cadenas-de-supermercados-ofrezcan-productos-locales-yo-regionales","status":"publish","type":"post","link":"https:\/\/defensoriaformosa.gob.ar\/?p=3844","title":{"rendered":"PROPUSO LA DEFENSORIA DEL PUEBLO QUE UN 15% DE LAS GONDOLAS DE LAS CADENAS DE SUPERMERCADOS, OFREZCAN PRODUCTOS LOCALES Y\/O REGIONALES"},"content":{"rendered":"<p style=\"text-align: justify;\"><strong>En defensa de los derechos econ\u00f3micos de los consumidores y de los productores provinciales y\u00a0 regionales, desde la Defensor\u00eda del Pueblo de la Provincia de Formosa, se propuso y sugiri\u00f3 al Ministerio de Econom\u00eda, al de la Producci\u00f3n, al PAIPPA, a la Municipalidad de la Ciudad de Formosa, a la CAPyMEF y otros estamentos p\u00fablicos y privados, que se exija a las cadenas de supermercados nacionales y extranjeras que trabajan en nuestra jurisdicci\u00f3n, incluy\u00e9ndose tambi\u00e9n a importantes autoservicios o comercios, a que ocupen un 15% de su superficie con productos locales y regionales en sus g\u00f3ndolas, producidos en capital, en el interior provincial o por nuestras PyMES.<\/strong><\/p>\n<p style=\"text-align: justify;\"><!--more--><\/p>\n<p style=\"text-align: justify;\">El Ombudsman Provincial, Dr. Jos\u00e9 Leonardo Gialluca, sostuvo que si bien existen antecedentes en la provincia al respecto, se hace necesario reactivar fuertemente una serie de negociaciones con los principales comercios de la provincia para forzar la exhibici\u00f3n y la venta en sus g\u00f3ndolas de los variados productos que actualmente nuestros productores o caen en manos de intermediarios o los comercializan en lugares irregulares, donde los venden \u00a0a precios m\u00e1s que razonables.<\/p>\n<p style=\"text-align: justify;\">A\u00f1adi\u00f3 en este sentido que son muy pocos los productores que tienen los medios para ofrecer sus productos fuera de la provincia y de esa manera concretar a su favor diferencias econ\u00f3micas relevantes, y por otro lado no es menos cierto que la concentraci\u00f3n abusiva en la comercializaci\u00f3n de productos tra\u00eddos de mercados extranjeros como por ejemplo: frutas, verduras, carnes, etc., es una pol\u00edtica negativa que llevan a cabo las grandes superficies de supermercados que le dan la espalda a quienes producen en nuestra provincia, y deben tener la posibilidad, sin exigencias incumplibles, de aunar pol\u00edticas de compra y venta, respaldadas por el Estado y de las cuales saldr\u00e1n beneficiados, los consumidores y los peque\u00f1os productores o PyMES, que son las que actualmente no pueden competir sino se les otorga un paraguas protector, hasta que se basten por s\u00ed mismas.<\/p>\n","protected":false},"excerpt":{"rendered":"<p>En defensa de los derechos econ\u00f3micos de los consumidores y de los productores provinciales y\u00a0 regionales, desde la Defensor\u00eda del Pueblo de la Provincia de Formosa, se propuso y sugiri\u00f3 al Ministerio de Econom\u00eda, al de la Producci\u00f3n, al PAIPPA, a la Municipalidad de la Ciudad de Formosa, a la CAPyMEF y otros estamentos p\u00fablicos [&hellip;]<\/p>\n","protected":false},"author":1,"featured_media":3845,"comment_status":"closed","ping_status":"closed","sticky":false,"template":"","format":"standard","meta":{"footnotes":""},"categories":[5,1,3],"tags":[],"class_list":["post-3844","post","type-post","status-publish","format-standard","has-post-thumbnail","hentry","category-ambiente-y-desarrollo-sustentable","category-noticias","category-defensa-de-los-derechos-del-usuario-consumidor-contribuyentes"],"_links":{"self":[{"href":"https:\/\/defensoriaformosa.gob.ar\/index.php?rest_route=\/wp\/v2\/posts\/3844","targetHints":{"allow":["GET"]}}],"collection":[{"href":"https:\/\/defensoriaformosa.gob.ar\/index.php?rest_route=\/wp\/v2\/posts"}],"about":[{"href":"https:\/\/defensoriaformosa.gob.ar\/index.php?rest_route=\/wp\/v2\/types\/post"}],"author":[{"embeddable":true,"href":"https:\/\/defensoriaformosa.gob.ar\/index.php?rest_route=\/wp\/v2\/users\/1"}],"replies":[{"embeddable":true,"href":"https:\/\/defensoriaformosa.gob.ar\/index.php?rest_route=%2Fwp%2Fv2%2Fcomments&post=3844"}],"version-history":[{"count":1,"href":"https:\/\/defensoriaformosa.gob.ar\/index.php?rest_route=\/wp\/v2\/posts\/3844\/revisions"}],"predecessor-version":[{"id":3846,"href":"https:\/\/defensoriaformosa.gob.ar\/index.php?rest_route=\/wp\/v2\/posts\/3844\/revisions\/3846"}],"wp:featuredmedia":[{"embeddable":true,"href":"https:\/\/defensoriaformosa.gob.ar\/index.php?rest_route=\/wp\/v2\/media\/3845"}],"wp:attachment":[{"href":"https:\/\/defensoriaformosa.gob.ar\/index.php?rest_route=%2Fwp%2Fv2%2Fmedia&parent=3844"}],"wp:term":[{"taxonomy":"category","embeddable":true,"href":"https:\/\/defensoriaformosa.gob.ar\/index.php?rest_route=%2Fwp%2Fv2%2Fcategories&post=3844"},{"taxonomy":"post_tag","embeddable":true,"href":"https:\/\/defensoriaformosa.gob.ar\/index.php?rest_route=%2Fwp%2Fv2%2Ftags&post=3844"}],"curies":[{"name":"wp","href":"https:\/\/api.w.org\/{rel}","templated":true}]}}