{"id":3840,"date":"2016-08-31T16:38:42","date_gmt":"2016-08-31T19:38:42","guid":{"rendered":"http:\/\/2015.defensoriaformosa.gob.ar\/?p=3840"},"modified":"2016-08-31T21:31:26","modified_gmt":"2016-09-01T00:31:26","slug":"informo-la-defensoria-del-pueblo-que-desde-este-jueves-se-inician-los-tramites-y-asesoramiento-para-los-jubilados-y-pensionados-alcanzados-por-el-programa-de-reparacion-historica","status":"publish","type":"post","link":"https:\/\/defensoriaformosa.gob.ar\/?p=3840","title":{"rendered":"INFORMO LA DEFENSORIA DEL PUEBLO QUE DESDE ESTE JUEVES SE INICIAN LOS TRAMITES Y ASESORAMIENTO PARA LOS JUBILADOS Y PENSIONADOS ALCANZADOS POR EL PROGRAMA DE REPARACION HISTORICA"},"content":{"rendered":"<p style=\"text-align: justify;\"><strong>La \u2013 Direcci\u00f3n de Ni\u00f1ez, Adolescencia, Seguridad Social, Adultos Mayores-, de la Defensor\u00eda del Pueblo, se\u00f1alo que ante la puesta en marcha desde el d\u00eda de la fecha de lo que se ha dado en denominar el Plan de Reparaci\u00f3n Hist\u00f3rica para los Jubilados y Pensionados a fin de recomponerles sus haberes mensuales, siguiendo los Fallos de la\u00a0 Corte Suprema de Naci\u00f3n, y ante la existencia de posturas\u00a0 que se\u00f1alan como un real beneficio este Programa, junto a otras que mencionan; \u201cque esta es una supuesta Reparaci\u00f3n Hist\u00f3rica y que en realidad \u00fanicamente es una tremenda quita hist\u00f3rica para quienes se esforzaron toda la vida y que solamente es un nuevo ajuste sobre los jubilados\u201d; se sugiri\u00f3 a todos los interesados directos o familiares concurrir a la sede de la Defensor\u00eda del Pueblo o contactarse a los tel\u00e9fonos 03704436379- 4445655 y\/o a\u00a0 los correos electr\u00f3nicos <a href=\"mailto:depuefor@fibertel.com.ar\">depuefor@fibertel.com.ar<\/a>; <a href=\"mailto:denuncia@formosa.gov.ar\">denuncia@formosa.gov.ar<\/a>, donde podr\u00e1n recibir un asesoramiento gratuito, ya que cada caso es diferente, pues los que se jubilaron antes de 1994 van a ser los m\u00e1s beneficiados y tambi\u00e9n existen casos que se encuentran en los 1.800.000 que se encuentran dentro de los expedientes que se quemaron y no est\u00e1n digitalizados y se los tiene que reconstruir y hasta que ello no se haga no se puede saber si les corresponde o no el pago.<\/strong><\/p>\n<p style=\"text-align: justify;\"><!--more--><\/p>\n<p style=\"text-align: justify;\">El Ombudsman Provincial, Dr. Jos\u00e9 Leonardo Gialluca, informo que los jubilados y pensionados podr\u00e1n realizar, desde este jueves, la solicitud formal para ingresar al Programa de Reparaci\u00f3n Hist\u00f3rica y consultar, en el sitio web de la Administraci\u00f3n Nacional para la Seguridad Social (ANSES), cu\u00e1nto les corresponde por el reajuste del haber, as\u00ed como el monto por retroactivo. Cerca de 240.000 jubilados, incluidos dentro del programa, recibir\u00e1n un reajuste autom\u00e1tico desde el pr\u00f3ximo mes, junto con el aumento por movilidad del 14,16% anunciado el 12 de agosto. Para realizar la consulta, deber\u00e1n ingresar al sitio www.anses.gob.ar en el apartado Mi Anses, con su Clave de la Seguridad Social, tener la huella dactilar registrada es un requisito para todos los jubilados y pensionados y sus abogados, requisitos con los que ya cuentan los profesionales de la Defensor\u00eda del Pueblo. Para aquellos jubilados y pensionados que todav\u00eda no registraron sus huellas digitales podr\u00e1n hacerlo en el banco en el que cobran habitualmente sus haberes.<\/p>\n<p style=\"text-align: justify;\">Se\u00f1al\u00f3 tambi\u00e9n que de acuerdo al art\u00edculo 9\u00b0 de la Ley, hay un orden de prioridad en el programa para los beneficiarios mayores de 80 a\u00f1os y\/o enfermos, al tiempo que se tendr\u00e1 en cuenta la antig\u00fcedad del juicio y la disponibilidad presupuestaria. Para solicitar el pago preferente, aquellos beneficiarios o un integrante de su grupo familiar primario, que padezcan una enfermedad grave deber\u00e1n presentar ante la UDAI m\u00e1s cercana a su domicilio, la siguiente documentaci\u00f3n: Nota suscripta por el beneficiario, solicitando su inclusi\u00f3n por padecimiento de una enfermedad grave; certificado m\u00e9dico con especificaciones de la enfermedad y su encuadre; fotocopia autenticada de historia cl\u00ednica del beneficiario o su familiar; y estudios o ex\u00e1menes m\u00e9dicos que acrediten la patolog\u00eda declarada.<\/p>\n<p style=\"text-align: justify;\">Por \u00faltimo el funcionario conto que este Programa tendr\u00e1 una duraci\u00f3n de tres a\u00f1os el que coincide con el tiempo que durara la Emergencia Previsional.<\/p>\n","protected":false},"excerpt":{"rendered":"<p>La \u2013 Direcci\u00f3n de Ni\u00f1ez, Adolescencia, Seguridad Social, Adultos Mayores-, de la Defensor\u00eda del Pueblo, se\u00f1alo que ante la puesta en marcha desde el d\u00eda de la fecha de lo que se ha dado en denominar el Plan de Reparaci\u00f3n Hist\u00f3rica para los Jubilados y Pensionados a fin de recomponerles sus haberes mensuales, siguiendo los [&hellip;]<\/p>\n","protected":false},"author":1,"featured_media":3841,"comment_status":"closed","ping_status":"closed","sticky":false,"template":"","format":"standard","meta":{"footnotes":""},"categories":[1],"tags":[],"class_list":["post-3840","post","type-post","status-publish","format-standard","has-post-thumbnail","hentry","category-noticias"],"_links":{"self":[{"href":"https:\/\/defensoriaformosa.gob.ar\/index.php?rest_route=\/wp\/v2\/posts\/3840","targetHints":{"allow":["GET"]}}],"collection":[{"href":"https:\/\/defensoriaformosa.gob.ar\/index.php?rest_route=\/wp\/v2\/posts"}],"about":[{"href":"https:\/\/defensoriaformosa.gob.ar\/index.php?rest_route=\/wp\/v2\/types\/post"}],"author":[{"embeddable":true,"href":"https:\/\/defensoriaformosa.gob.ar\/index.php?rest_route=\/wp\/v2\/users\/1"}],"replies":[{"embeddable":true,"href":"https:\/\/defensoriaformosa.gob.ar\/index.php?rest_route=%2Fwp%2Fv2%2Fcomments&post=3840"}],"version-history":[{"count":2,"href":"https:\/\/defensoriaformosa.gob.ar\/index.php?rest_route=\/wp\/v2\/posts\/3840\/revisions"}],"predecessor-version":[{"id":3843,"href":"https:\/\/defensoriaformosa.gob.ar\/index.php?rest_route=\/wp\/v2\/posts\/3840\/revisions\/3843"}],"wp:featuredmedia":[{"embeddable":true,"href":"https:\/\/defensoriaformosa.gob.ar\/index.php?rest_route=\/wp\/v2\/media\/3841"}],"wp:attachment":[{"href":"https:\/\/defensoriaformosa.gob.ar\/index.php?rest_route=%2Fwp%2Fv2%2Fmedia&parent=3840"}],"wp:term":[{"taxonomy":"category","embeddable":true,"href":"https:\/\/defensoriaformosa.gob.ar\/index.php?rest_route=%2Fwp%2Fv2%2Fcategories&post=3840"},{"taxonomy":"post_tag","embeddable":true,"href":"https:\/\/defensoriaformosa.gob.ar\/index.php?rest_route=%2Fwp%2Fv2%2Ftags&post=3840"}],"curies":[{"name":"wp","href":"https:\/\/api.w.org\/{rel}","templated":true}]}}