{"id":3836,"date":"2016-08-30T14:37:58","date_gmt":"2016-08-30T17:37:58","guid":{"rendered":"http:\/\/2015.defensoriaformosa.gob.ar\/?p=3836"},"modified":"2016-08-30T14:37:58","modified_gmt":"2016-08-30T17:37:58","slug":"la-defensoria-del-pueblo-de-formosa-participo-en-la-jornada-de-informacion-sobre-reparacion-historica-para-defensores-del-pueblo","status":"publish","type":"post","link":"https:\/\/defensoriaformosa.gob.ar\/?p=3836","title":{"rendered":"LA DEFENSORIA DEL PUEBLO DE FORMOSA PARTICIPO EN LA JORNADA DE INFORMACI\u00d3N SOBRE REPARACI\u00d3N HIST\u00d3RICA PARA DEFENSORES DEL PUEBLO"},"content":{"rendered":"<p style=\"text-align: justify;\"><strong>Desde la &#8211; Direcci\u00f3n de Ni\u00f1ez, Adolescencia, Seguridad Social, Adultos Mayores-, del Organismo de la Constituci\u00f3n Provincial, a trav\u00e9s de funcionarios locales y el Representante de la Oficina de Quejas y Reclamos de la Defensor\u00eda del Pueblo de Naci\u00f3n, Dr. Julio N\u00e9stor Santander, se asisti\u00f3 al encuentro que se realiz\u00f3 en la Ciudad de Buenos Aires, en el marco del Convenio de Cooperaci\u00f3n firmado en mayo pasado entre el Director Ejecutivo de la ANSES, Emilio Basavilbaso, y el Defensor del Pueblo de CABA y Presidente de la Asociaci\u00f3n de Defensores del Pueblo de la Rep\u00fablica Argentina (ADPRA), Alejandro Amor, donde participaron varios Defensores de distintas provincias.<\/strong><\/p>\n<p style=\"text-align: justify;\"><!--more--><\/p>\n<p style=\"text-align: justify;\">En la ocasi\u00f3n el Secretario General de la ANSES, Alejo Maxit, el Director General de Relaciones Institucionales y con la Comunidad, Patricio Piffano y el Director de Innovaci\u00f3n Prestacional del Organismo Previsional, Ignacio Campo, brindaron detalles de la implementaci\u00f3n de la nueva Ley de Reparaci\u00f3n Hist\u00f3rica a representantes de las Defensor\u00edas del Pueblo de todo el pa\u00eds.<\/p>\n<p style=\"text-align: justify;\">Al respecto, Maxit explic\u00f3: \u201cEs muy importante el trabajo que tenemos y queremos avanzar en esta l\u00ednea para afrontar el desaf\u00edo. Avanzamos en un proceso donde necesitamos la ayuda de todos para poder cumplir con la Reparaci\u00f3n Hist\u00f3rica. Pero es imprescindible la cooperaci\u00f3n de otros organismos, porque la tarea no se limita a lo que se hace desde la ANSES\u201d, y agreg\u00f3: \u201cEs fundamental que los Defensores del Pueblo tambi\u00e9n puedan difundir de qu\u00e9 se trata esta medida. Este es el inicio de la soluci\u00f3n a un mont\u00f3n de irregularidades que se fueron dando durante muchos a\u00f1os. De esta forma, acatamos el 95% de los juicios y hay un 5% restante que vamos a tratar m\u00e1s adelante\u201d.<\/p>\n<p style=\"text-align: justify;\">Piffano, por su parte, al dar inicio a la jornada, destac\u00f3: \u201cVenimos trabajando con la Defensor\u00eda del Pueblo de la Ciudad de Buenos Aires en diversos temas. Para nosotros es un orgullo haber impulsado la Reparaci\u00f3n Hist\u00f3rica y darle elementos a las defensor\u00edas para responder todas las dudas de los jubilados\u201d.<\/p>\n<p style=\"text-align: justify;\">A su turno, la Defensora Adjunta del Pueblo de la Ciudad Aut\u00f3noma de Buenos Aires, Mar\u00eda Am\u00e9rica Gonz\u00e1lez, anfitriones del evento,\u00a0 reconoci\u00f3 a la ANSES por la informaci\u00f3n brindada, subrayando que \u201cagradecemos la posibilidad de servir de nexo para continuar trabajando en acuerdos y di\u00e1logos para que el organismo previsional llegue a las defensor\u00edas en los distintos puntos de la Argentina\u201d.<\/p>\n<p style=\"text-align: justify;\">Finalmente el Ombudsman Provincial, Dr. Jos\u00e9 Leonardo Gialluca, resalto la realizaci\u00f3n de este tipo de eventos en los cuales las Defensor\u00edas del Pueblo de todo el pa\u00eds podemos acceder en forma directa a los Organismos Nacionales y a la informaci\u00f3n sobre la Reparaci\u00f3n Hist\u00f3rica a fin de poder asesorar correctamente a nuestros jubilados quienes se ver\u00e1n beneficiados con esta medida.<\/p>\n","protected":false},"excerpt":{"rendered":"<p>Desde la &#8211; Direcci\u00f3n de Ni\u00f1ez, Adolescencia, Seguridad Social, Adultos Mayores-, del Organismo de la Constituci\u00f3n Provincial, a trav\u00e9s de funcionarios locales y el Representante de la Oficina de Quejas y Reclamos de la Defensor\u00eda del Pueblo de Naci\u00f3n, Dr. Julio N\u00e9stor Santander, se asisti\u00f3 al encuentro que se realiz\u00f3 en la Ciudad de Buenos [&hellip;]<\/p>\n","protected":false},"author":1,"featured_media":3837,"comment_status":"closed","ping_status":"closed","sticky":false,"template":"","format":"standard","meta":{"footnotes":""},"categories":[1],"tags":[],"class_list":["post-3836","post","type-post","status-publish","format-standard","has-post-thumbnail","hentry","category-noticias"],"_links":{"self":[{"href":"https:\/\/defensoriaformosa.gob.ar\/index.php?rest_route=\/wp\/v2\/posts\/3836","targetHints":{"allow":["GET"]}}],"collection":[{"href":"https:\/\/defensoriaformosa.gob.ar\/index.php?rest_route=\/wp\/v2\/posts"}],"about":[{"href":"https:\/\/defensoriaformosa.gob.ar\/index.php?rest_route=\/wp\/v2\/types\/post"}],"author":[{"embeddable":true,"href":"https:\/\/defensoriaformosa.gob.ar\/index.php?rest_route=\/wp\/v2\/users\/1"}],"replies":[{"embeddable":true,"href":"https:\/\/defensoriaformosa.gob.ar\/index.php?rest_route=%2Fwp%2Fv2%2Fcomments&post=3836"}],"version-history":[{"count":1,"href":"https:\/\/defensoriaformosa.gob.ar\/index.php?rest_route=\/wp\/v2\/posts\/3836\/revisions"}],"predecessor-version":[{"id":3838,"href":"https:\/\/defensoriaformosa.gob.ar\/index.php?rest_route=\/wp\/v2\/posts\/3836\/revisions\/3838"}],"wp:featuredmedia":[{"embeddable":true,"href":"https:\/\/defensoriaformosa.gob.ar\/index.php?rest_route=\/wp\/v2\/media\/3837"}],"wp:attachment":[{"href":"https:\/\/defensoriaformosa.gob.ar\/index.php?rest_route=%2Fwp%2Fv2%2Fmedia&parent=3836"}],"wp:term":[{"taxonomy":"category","embeddable":true,"href":"https:\/\/defensoriaformosa.gob.ar\/index.php?rest_route=%2Fwp%2Fv2%2Fcategories&post=3836"},{"taxonomy":"post_tag","embeddable":true,"href":"https:\/\/defensoriaformosa.gob.ar\/index.php?rest_route=%2Fwp%2Fv2%2Ftags&post=3836"}],"curies":[{"name":"wp","href":"https:\/\/api.w.org\/{rel}","templated":true}]}}