{"id":3834,"date":"2016-08-29T14:28:43","date_gmt":"2016-08-29T17:28:43","guid":{"rendered":"http:\/\/2015.defensoriaformosa.gob.ar\/?p=3834"},"modified":"2016-08-29T14:28:43","modified_gmt":"2016-08-29T17:28:43","slug":"afirmaron-desde-la-defensoria-que-el-nuevo-consejo-consultivo-de-aranguren-debe-evaluar-cuanto-pueden-pagar-los-usuarios-para-encontrar-un-camino-seguro-en-las-tarifas","status":"publish","type":"post","link":"https:\/\/defensoriaformosa.gob.ar\/?p=3834","title":{"rendered":"AFIRMARON DESDE LA DEFENSORIA QUE EL NUEVO CONSEJO CONSULTIVO DE ARANGUREN DEBE EVALUAR CUANTO PUEDEN PAGAR LOS USUARIOS PARA ENCONTRAR UN CAMINO SEGURO EN LAS TARIFAS"},"content":{"rendered":"<p style=\"text-align: justify;\"><strong>Desde la &#8211; Direcci\u00f3n de Derechos del Consumidor, Usuario y Contribuyentes, Relaciones de Consumo-, de la Defensor\u00eda del Pueblo de la Provincia de Formosa, considero como auspicioso que el Ministro de Energ\u00eda, Aranguren , tenga ahora un \u201cConsejo Consultivo\u201d, integrado por Ex Secretarios de Energ\u00eda de distintos Gobiernos Nacionales.<\/strong><\/p>\n<p style=\"text-align: justify;\"><!--more--><\/p>\n<p style=\"text-align: justify;\">El Ombudsman Provincial, Dr. Jos\u00e9 Leonardo Gialluca, se\u00f1alo que si bien en el tema de tarifas es importante toda la parte t\u00e9cnica , no menos cierto es que \u201clo social, econ\u00f3mico, clim\u00e1tico , extremos estos que ya han sido se\u00f1alados por la Corte Suprema , como que deben ser tenidos en cuenta al momento de la fijaci\u00f3n del precio a pagar por servicios p\u00fablicos esenciales , seg\u00fan regiones o zonas\u201d, va a ser fundamental en las pr\u00f3ximas Audiencias P\u00fablicas, pero todo se\u00f1ala que el Gobierno Nacional sigue empecinado en establecer aumentos \u201cprovisorios del 300%\u201d , para luego continuar el a\u00f1o que viene con nuevos incrementos tarifarios , lo que generara m\u00e1s judicializaci\u00f3n, pues la ecuaci\u00f3n es simple: \u201clos servicios p\u00fablicos como la energ\u00eda y el gas son Derechos Humanos Esenciales y se debe establecer por parte del Estado, tarifas que sean pagables por todos\u201d.<\/p>\n<p style=\"text-align: justify;\">El nuevo Consejo estar\u00e1 integrado Emilio Apud (secretario de Energ\u00eda en 2001 durante el gobierno de la Alianza); Julio C\u00e9sar Ar\u00e1oz (ocup\u00f3 esa \u00e1rea entre 1989 y 1990); Alberto Enrique Devoto (secretario entre 2002 y 2003); Alieto Guadagni (entre marzo y agosto de 2002); Jorge Lape\u00f1a (subsecretario de Planificaci\u00f3n Energ\u00e9tica entre 1983 y 1988); Daniel Montamat (de 1999 a 2000) y Ra\u00fal Antonio Olocco (entre junio y julio de 1989).<\/p>\n<p style=\"text-align: justify;\">El nuevo organismo tendr\u00e1 como objetivo \u00abbrindar opini\u00f3n seg\u00fan lo requiera el Ministerio de Energ\u00eda respecto del desarrollo e implementaci\u00f3n de pol\u00edticas energ\u00e9ticas concebidas para el mediano y largo plazo, sobre la base de criterios de eficiencia, diversificaci\u00f3n, integraci\u00f3n regional y desarrollo sustentable\u00bb.<\/p>\n<p style=\"text-align: justify;\">Resulta necesario debatir y evaluar diversos aspectos relativos a la pol\u00edtica del sector, a fin de generar consenso sobre medidas y proyectos con el objeto de facilitar su implementaci\u00f3n y ejecuci\u00f3n; siendo preciso, adem\u00e1s, iniciar un proceso de comunicaci\u00f3n y consulta con diversos sectores de la sociedad, incluyendo a organizaciones pol\u00edticas, instituciones acad\u00e9micas, organizaciones de consumidores, industriales, entre otras.<\/p>\n<p>&nbsp;<\/p>\n","protected":false},"excerpt":{"rendered":"<p>Desde la &#8211; Direcci\u00f3n de Derechos del Consumidor, Usuario y Contribuyentes, Relaciones de Consumo-, de la Defensor\u00eda del Pueblo de la Provincia de Formosa, considero como auspicioso que el Ministro de Energ\u00eda, Aranguren , tenga ahora un \u201cConsejo Consultivo\u201d, integrado por Ex Secretarios de Energ\u00eda de distintos Gobiernos Nacionales.<\/p>\n","protected":false},"author":1,"featured_media":3398,"comment_status":"closed","ping_status":"closed","sticky":false,"template":"","format":"standard","meta":{"footnotes":""},"categories":[5,1,3],"tags":[],"class_list":["post-3834","post","type-post","status-publish","format-standard","has-post-thumbnail","hentry","category-ambiente-y-desarrollo-sustentable","category-noticias","category-defensa-de-los-derechos-del-usuario-consumidor-contribuyentes"],"_links":{"self":[{"href":"https:\/\/defensoriaformosa.gob.ar\/index.php?rest_route=\/wp\/v2\/posts\/3834","targetHints":{"allow":["GET"]}}],"collection":[{"href":"https:\/\/defensoriaformosa.gob.ar\/index.php?rest_route=\/wp\/v2\/posts"}],"about":[{"href":"https:\/\/defensoriaformosa.gob.ar\/index.php?rest_route=\/wp\/v2\/types\/post"}],"author":[{"embeddable":true,"href":"https:\/\/defensoriaformosa.gob.ar\/index.php?rest_route=\/wp\/v2\/users\/1"}],"replies":[{"embeddable":true,"href":"https:\/\/defensoriaformosa.gob.ar\/index.php?rest_route=%2Fwp%2Fv2%2Fcomments&post=3834"}],"version-history":[{"count":1,"href":"https:\/\/defensoriaformosa.gob.ar\/index.php?rest_route=\/wp\/v2\/posts\/3834\/revisions"}],"predecessor-version":[{"id":3835,"href":"https:\/\/defensoriaformosa.gob.ar\/index.php?rest_route=\/wp\/v2\/posts\/3834\/revisions\/3835"}],"wp:featuredmedia":[{"embeddable":true,"href":"https:\/\/defensoriaformosa.gob.ar\/index.php?rest_route=\/wp\/v2\/media\/3398"}],"wp:attachment":[{"href":"https:\/\/defensoriaformosa.gob.ar\/index.php?rest_route=%2Fwp%2Fv2%2Fmedia&parent=3834"}],"wp:term":[{"taxonomy":"category","embeddable":true,"href":"https:\/\/defensoriaformosa.gob.ar\/index.php?rest_route=%2Fwp%2Fv2%2Fcategories&post=3834"},{"taxonomy":"post_tag","embeddable":true,"href":"https:\/\/defensoriaformosa.gob.ar\/index.php?rest_route=%2Fwp%2Fv2%2Ftags&post=3834"}],"curies":[{"name":"wp","href":"https:\/\/api.w.org\/{rel}","templated":true}]}}