{"id":3831,"date":"2016-08-29T14:25:39","date_gmt":"2016-08-29T17:25:39","guid":{"rendered":"http:\/\/2015.defensoriaformosa.gob.ar\/?p=3831"},"modified":"2016-08-29T14:25:39","modified_gmt":"2016-08-29T17:25:39","slug":"hasta-el-miercoles-proximo-se-puede-anotar-para-el-plan-procrear-y-a-los-que-no-ingresen-podran-volver-a-presentarse-en-la-siguiente-apertura-de-inscripciones","status":"publish","type":"post","link":"https:\/\/defensoriaformosa.gob.ar\/?p=3831","title":{"rendered":"HASTA EL MIERCOLES PROXIMO SE PUEDE ANOTAR PARA EL PLAN PROCREAR Y A LOS QUE NO INGRESEN PODRAN VOLVER A PRESENTARSE EN LA SIGUIENTE APERTURA DE INSCRIPCIONES"},"content":{"rendered":"<p style=\"text-align: justify;\"><strong>Se inform\u00f3 desde la Defensor\u00eda del Pueblo que quedan d\u00edas para anotarse en el Programa PROCREAR, \u00a0cuyo registro finaliza el pr\u00f3ximo 31 de agosto. Para eso, los interesados deber\u00e1n inscribirse\u00a0 en <a href=\"http:\/\/www.procrear.anses.gob.ar\">www.procrear.anses.gob.ar<\/a> con su Clave de la Seguridad Social y completar el formulario correspondiente.<\/strong><\/p>\n<p style=\"text-align: justify;\"><!--more--><\/p>\n<p style=\"text-align: justify;\">Hasta el momento hay 94.326 personas registradas en todo el pa\u00eds al nuevo plan Procrear y superan largamente los mil inscriptos en nuestra provincia<\/p>\n<p style=\"text-align: justify;\">Procrear Soluci\u00f3n Casa Propia combina cr\u00e9dito hipotecario, ahorro de las familias y una bonificaci\u00f3n del Estado Nacional, en un esquema de cooperaci\u00f3n junto con los bancos, que posibilitar\u00e1 que miles de familias accedan a su primera casa. Participan en la implementaci\u00f3n del Programa la Anses, la Agencia de Administraci\u00f3n de Bienes del Estado (Aabe), el Ministerio del Interior, Obras P\u00fablicas y Vivienda y el Ministerio de Hacienda y Finanzas.<\/p>\n<p style=\"text-align: justify;\"><strong>C\u00f3mo inscribirse :<\/strong> Se debe completar el formulario de inscripci\u00f3n que se encuentra en www.procrear.anses.gob.ar: aceptar las bases y condiciones del programa. Procrear validar\u00e1 los datos con la Anses, la Afip y el Banco Central de la Rep\u00fablica Argentina.<\/p>\n<p style=\"text-align: justify;\"><strong>Selecci\u00f3n por puntaje social:<\/strong> el puntaje ser\u00e1 informado por correo electr\u00f3nico a todos los inscriptos, ya sea si alcanzan el m\u00ednimo como si no. Quienes no superen el puntaje de corte podr\u00e1n volver a presentarse en la siguiente apertura de inscripciones al Programa.<\/p>\n<p style=\"text-align: justify;\"><strong>Gesti\u00f3n del cr\u00e9dito:<\/strong> dentro de los bancos participantes, se deber\u00e1 elegir uno para gestionar el cr\u00e9dito. La persona tendr\u00e1 que presentarse dentro de los 60 d\u00edas de resultar seleccionado y cumplir con los requisitos de la l\u00ednea de cr\u00e9dito de la entidad bancaria.<\/p>\n<p style=\"text-align: justify;\"><strong>B\u00fasqueda de vivienda:<\/strong> se establece un plazo de 6 meses para presentar la documentaci\u00f3n de la vivienda y obtener el cr\u00e9dito en el banco elegido.<\/p>\n<p style=\"text-align: justify;\"><strong>Bonificaci\u00f3n del Estado:<\/strong> al momento de realizar la escrituraci\u00f3n se har\u00e1 efectiva la bonificaci\u00f3n del Estado Nacional para complementar, junto con el ahorro, el cr\u00e9dito para la compra.<\/p>\n","protected":false},"excerpt":{"rendered":"<p>Se inform\u00f3 desde la Defensor\u00eda del Pueblo que quedan d\u00edas para anotarse en el Programa PROCREAR, \u00a0cuyo registro finaliza el pr\u00f3ximo 31 de agosto. Para eso, los interesados deber\u00e1n inscribirse\u00a0 en www.procrear.anses.gob.ar con su Clave de la Seguridad Social y completar el formulario correspondiente.<\/p>\n","protected":false},"author":1,"featured_media":3832,"comment_status":"closed","ping_status":"closed","sticky":false,"template":"","format":"standard","meta":{"footnotes":""},"categories":[1,6],"tags":[],"class_list":["post-3831","post","type-post","status-publish","format-standard","has-post-thumbnail","hentry","category-noticias","category-salud"],"_links":{"self":[{"href":"https:\/\/defensoriaformosa.gob.ar\/index.php?rest_route=\/wp\/v2\/posts\/3831","targetHints":{"allow":["GET"]}}],"collection":[{"href":"https:\/\/defensoriaformosa.gob.ar\/index.php?rest_route=\/wp\/v2\/posts"}],"about":[{"href":"https:\/\/defensoriaformosa.gob.ar\/index.php?rest_route=\/wp\/v2\/types\/post"}],"author":[{"embeddable":true,"href":"https:\/\/defensoriaformosa.gob.ar\/index.php?rest_route=\/wp\/v2\/users\/1"}],"replies":[{"embeddable":true,"href":"https:\/\/defensoriaformosa.gob.ar\/index.php?rest_route=%2Fwp%2Fv2%2Fcomments&post=3831"}],"version-history":[{"count":1,"href":"https:\/\/defensoriaformosa.gob.ar\/index.php?rest_route=\/wp\/v2\/posts\/3831\/revisions"}],"predecessor-version":[{"id":3833,"href":"https:\/\/defensoriaformosa.gob.ar\/index.php?rest_route=\/wp\/v2\/posts\/3831\/revisions\/3833"}],"wp:featuredmedia":[{"embeddable":true,"href":"https:\/\/defensoriaformosa.gob.ar\/index.php?rest_route=\/wp\/v2\/media\/3832"}],"wp:attachment":[{"href":"https:\/\/defensoriaformosa.gob.ar\/index.php?rest_route=%2Fwp%2Fv2%2Fmedia&parent=3831"}],"wp:term":[{"taxonomy":"category","embeddable":true,"href":"https:\/\/defensoriaformosa.gob.ar\/index.php?rest_route=%2Fwp%2Fv2%2Fcategories&post=3831"},{"taxonomy":"post_tag","embeddable":true,"href":"https:\/\/defensoriaformosa.gob.ar\/index.php?rest_route=%2Fwp%2Fv2%2Ftags&post=3831"}],"curies":[{"name":"wp","href":"https:\/\/api.w.org\/{rel}","templated":true}]}}