{"id":383,"date":"2015-02-01T22:44:41","date_gmt":"2015-02-02T01:44:41","guid":{"rendered":"http:\/\/2015.defensoriaformosa.gob.ar\/?p=383"},"modified":"2015-02-01T22:44:41","modified_gmt":"2015-02-02T01:44:41","slug":"respuesta-a-pedido-de-pobladores-y-representantes-de-la-primavera","status":"publish","type":"post","link":"https:\/\/defensoriaformosa.gob.ar\/?p=383","title":{"rendered":"RESPUESTA A PEDIDO DE POBLADORES Y REPRESENTANTES DE LA PRIMAVERA"},"content":{"rendered":"<p><strong>La Defensor\u00eda formaliz\u00f3 denuncia ante la Justicia Federal y Gendarmer\u00eda para que se libere la traza de la RN 86<\/strong><\/p>\n<p><!--more--><\/p>\n<p style=\"text-align: justify;\">La Defensor\u00eda del Pueblo de la Provincia, present\u00f3 sendas denuncias al Fiscal Penal Federal en turno, Dr. Neri Roberto L\u00f3pez y al Jefe de la Agrupaci\u00f3n VI de Gendarmer\u00eda Nacional, Cte. My. Jorge Luis Caligaris, de quien depende el Escuadr\u00f3n 16 Clorinda, a cargo del Cte. Ppal. Jorge Daniel Solan, a los efectos de que se adopten las medidas judiciales y se habiliten las instancias que permitan la liberaci\u00f3n de la traza de la RN 86, actualmente interrumpida a la altura del Km. 1.341, por un grupo de habitantes de la Colonia La Primavera, liderados por Felix D\u00edaz y H\u00e9ctor Alonso. Las presentaciones, fueron realizadas por el Defensor del Pueblo, Jos\u00e9 Leonardo Gialluca, luego de que el mismo, junto al Secretario Letrado, Jos\u00e9 Porfirio Garc\u00eda, recibieran, en la Sede del Organismo de la Constituci\u00f3n, al Cacique de la Comunidad de La Primavera, Cristino Sanabria, al Administrador de la Colonia, Mateo Chilagaloy, a miembros de la Asociaci\u00f3n Civil La Primavera, representada por su Presidente Oscar Camachi y Ceferino Fern\u00e1ndez y el Presidente de la Uni\u00f3n de Pastores Evang\u00e9licos, Alberto F\u00e9lix Balbino, quienes, en nombre del amplio sector de la poblaci\u00f3n de La Primavera, al cual representan, transmitieron el perjuicio causado por la acci\u00f3n llevada adelante por los piqueteros, quienes son un grupo \u00ednfimo, si se considera que la comunidad tiene 4.000 habitantes, aproximadamente. No se puede comenzar el arreglo de los accesos, pues no permiten que las maquinarias ingresen a la Colonia expusieron, tampoco pueden entrar productos ni servicios, no pueden seguirse las obras llevadas adelante en la comunidad, pues adem\u00e1s han colocado alambrados cortando los dem\u00e1s caminos de acceso y todo por la obstinaci\u00f3n de unos pocos, remarcaron. En igual sentido, ingres\u00f3 otro pedido, esta vez escrito, a la Defensor\u00eda, firmado por pobladores de La Primavera, solicitando la liberaci\u00f3n del acceso a la Colonia, por iguales razones a las expuestas por sus representantes. Gialluca, quien se reuni\u00f3 con los manifestantes en el lugar del piquete, hizo un resumen de la situaci\u00f3n diciendo: \u201cEn mi encuentro con Felix D\u00edaz y H\u00e9ctor Alonso, hemos recibido sus inquietudes y dejado en claro que media toda la buena predisposici\u00f3n para poder arribar a un acuerdo que satisfaga sus peticiones, consistentes en colaboraci\u00f3n en ciertas obras y mayor informaci\u00f3n respecto de las mismas. Con tal motivo, solicit\u00e9 la intervenci\u00f3n de los responsables de diversas \u00e1reas, Instituto Provincial de la Vivienda (IPV), Direcci\u00f3n de Infraestructura El\u00e9ctrica de la Provincia, Ministerio de Desarrollo Humano y Direcci\u00f3n Provincial de Vialidad (DPV), quienes accedieron a tener una reuni\u00f3n de trabajo en esta capital. Por lo que, puse a disposici\u00f3n, veh\u00edculos, para transportar a los nombrados y quienes quisieran acompa\u00f1arlos a tal fin, siendo rechazada tal oferta y exigida la presencia de los funcionarios donde se encuentra el piquete. Por lo que considero que, quiz\u00e1s la intenci\u00f3n de D\u00edaz y Alonso, no sea tanto la de solucionar los problemas que plantean, si es que los mismos realmente existen. Los pedidos de los representantes de la Comunidad de La Primavera, de sus pobladores y una obligaci\u00f3n legal, finaliz\u00f3 diciendo el funcionario, nos determinaron a formalizar las denuncias, pues es la autoridad federal la que debe ordenar la liberaci\u00f3n de la circulaci\u00f3n en la RN 86.-\u201d<\/p>\n","protected":false},"excerpt":{"rendered":"<p>La Defensor\u00eda formaliz\u00f3 denuncia ante la Justicia Federal y Gendarmer\u00eda para que se libere la traza de la RN 86<\/p>\n","protected":false},"author":1,"featured_media":374,"comment_status":"closed","ping_status":"closed","sticky":false,"template":"","format":"standard","meta":{"footnotes":""},"categories":[1],"tags":[],"class_list":["post-383","post","type-post","status-publish","format-standard","has-post-thumbnail","hentry","category-noticias"],"_links":{"self":[{"href":"https:\/\/defensoriaformosa.gob.ar\/index.php?rest_route=\/wp\/v2\/posts\/383","targetHints":{"allow":["GET"]}}],"collection":[{"href":"https:\/\/defensoriaformosa.gob.ar\/index.php?rest_route=\/wp\/v2\/posts"}],"about":[{"href":"https:\/\/defensoriaformosa.gob.ar\/index.php?rest_route=\/wp\/v2\/types\/post"}],"author":[{"embeddable":true,"href":"https:\/\/defensoriaformosa.gob.ar\/index.php?rest_route=\/wp\/v2\/users\/1"}],"replies":[{"embeddable":true,"href":"https:\/\/defensoriaformosa.gob.ar\/index.php?rest_route=%2Fwp%2Fv2%2Fcomments&post=383"}],"version-history":[{"count":1,"href":"https:\/\/defensoriaformosa.gob.ar\/index.php?rest_route=\/wp\/v2\/posts\/383\/revisions"}],"predecessor-version":[{"id":384,"href":"https:\/\/defensoriaformosa.gob.ar\/index.php?rest_route=\/wp\/v2\/posts\/383\/revisions\/384"}],"wp:featuredmedia":[{"embeddable":true,"href":"https:\/\/defensoriaformosa.gob.ar\/index.php?rest_route=\/wp\/v2\/media\/374"}],"wp:attachment":[{"href":"https:\/\/defensoriaformosa.gob.ar\/index.php?rest_route=%2Fwp%2Fv2%2Fmedia&parent=383"}],"wp:term":[{"taxonomy":"category","embeddable":true,"href":"https:\/\/defensoriaformosa.gob.ar\/index.php?rest_route=%2Fwp%2Fv2%2Fcategories&post=383"},{"taxonomy":"post_tag","embeddable":true,"href":"https:\/\/defensoriaformosa.gob.ar\/index.php?rest_route=%2Fwp%2Fv2%2Ftags&post=383"}],"curies":[{"name":"wp","href":"https:\/\/api.w.org\/{rel}","templated":true}]}}