{"id":3817,"date":"2016-08-26T16:08:43","date_gmt":"2016-08-26T19:08:43","guid":{"rendered":"http:\/\/2015.defensoriaformosa.gob.ar\/?p=3817"},"modified":"2016-08-26T16:08:43","modified_gmt":"2016-08-26T19:08:43","slug":"informo-la-defensoria-del-pueblo-que-se-podra-participar-a-distancia-de-la-audiencia-publica-por-el-tarifazo-del-gas","status":"publish","type":"post","link":"https:\/\/defensoriaformosa.gob.ar\/?p=3817","title":{"rendered":"INFORMO LA DEFENSORIA DEL PUEBLO QUE SE PODRA PARTICIPAR A DISTANCIA DE LA AUDIENCIA PUBLICA POR EL TARIFAZO DEL GAS"},"content":{"rendered":"<p style=\"text-align: justify;\"><strong>Se inform\u00f3 desde la Defensor\u00eda del Pueblo que\u00a0 frente a las presentaciones efectuadas por las Defensor\u00edas del Pueblo de todo el pa\u00eds, y la presi\u00f3n ejercida por Asociaciones y Fundaciones de Defensa de los Usuarios y Consumidores para federalizar este acto, el Gobierno Nacional se vio obligado a publicar en el Bolet\u00edn Oficial que los interesados de otra parte del Pa\u00eds podr\u00e1n exponer y participar a distancia a trav\u00e9s de videoconferencias para la Audiencia P\u00fablica para el tarifazo del gas.<\/strong><\/p>\n<p style=\"text-align: justify;\"><!--more--><\/p>\n<p style=\"text-align: justify;\">El Ombudsman Provincial, Dr. Jos\u00e9 Leonardo Gialluca, a\u00f1adi\u00f3 que el Ministerio de Energ\u00eda instruy\u00f3 al ENARGAS a habilitar sedes en distintas ciudades del pa\u00eds para que los usuarios puedan participar desde all\u00ed a distancia de la audiencia p\u00fablica que tendr\u00e1 lugar para tratar la suba del gas el pr\u00f3ximo 16 de septiembre en la Usina del Arte porte\u00f1a.<\/p>\n<p style=\"text-align: justify;\">Seg\u00fan se indic\u00f3 a trav\u00e9s de la Resoluci\u00f3n N\u00ba \u00a0163 del Ministerio de Energ\u00eda publicada en el Bolet\u00edn Oficial, las sedes donde se habilitar\u00e1 la posibilidad de comunicarse con la audiencia p\u00fablica corresponder\u00e1n a cada \u00e1rea de servicio comprendida en las Licencias de Distribuci\u00f3n de Gas.<\/p>\n<p style=\"text-align: justify;\">As\u00ed, las sedes deber\u00e1n estar en la ciudad entrerriana de Concordia (\u00e1rea GASNEA S.A.), C\u00f3rdoba (\u00e1rea Distribuidora de Gas del Centro S.A.), Mendoza, (\u00e1rea Distribuidora de Gas Cuyana S.A.), Neuqu\u00e9n (\u00e1rea Camuzzi Gas del Sur S.A), la ciudad fueguina de R\u00edo Grande (tambi\u00e9n de Camuzzi), Rosario (\u00e1rea Litoral Gas S.A.), Salta (\u00e1rea Gasnor S.A.) y Santa Rosa (tambi\u00e9n Camuzzi Gas Pampeana).<\/p>\n<p style=\"text-align: justify;\">Seg\u00fan se dispuso, en esas sedes deber\u00e1n habilitarse \u00abherramientas tecnol\u00f3gicas para su conexi\u00f3n\u00bb con la Usina del Arte, en la Ciudad de Buenos Aires, donde se realizar\u00e1 la audiencia p\u00fablica. Se indic\u00f3 que \u00abel ENARGAS dispondr\u00e1 de una copia del expediente correspondiente a la audiencia p\u00fablica en cada una de las sedes indicadas\u00bb.<\/p>\n<p style=\"text-align: justify;\">Para el tratamiento de los precios del gas natural en PUNTO DE INGRESO AL SISTEMA DE TRANSPORTE (PIST) y los precios del gas propano destinados a la distribuci\u00f3n de gas propano indiluido por redes, la autoridad a cargo, a los fines del Art\u00edculo 7\u00b0 del Anexo I del Decreto N\u00b0 1.172 de fecha 3 de diciembre de 2003, ser\u00e1 el Ministerio de Energ\u00eda y Miner\u00eda, agrega la Resoluci\u00f3n.<\/p>\n<p style=\"text-align: justify;\">No obstante ello las Defensor\u00edas del NEA, participaran directamente en la Audiencia a llevarse a cabo en la Ciudad Aut\u00f3noma de Buenos Aires, para evitar cualquier contratiempo \u00a0y as\u00ed asegurarse la representaci\u00f3n de los usuarios de nuestra provincia,\u00a0 mas all\u00e1 de que queda abierta la posibilidad para otros sectores de intervenir en los lugares antes descriptos.<\/p>\n","protected":false},"excerpt":{"rendered":"<p>Se inform\u00f3 desde la Defensor\u00eda del Pueblo que\u00a0 frente a las presentaciones efectuadas por las Defensor\u00edas del Pueblo de todo el pa\u00eds, y la presi\u00f3n ejercida por Asociaciones y Fundaciones de Defensa de los Usuarios y Consumidores para federalizar este acto, el Gobierno Nacional se vio obligado a publicar en el Bolet\u00edn Oficial que los [&hellip;]<\/p>\n","protected":false},"author":1,"featured_media":3818,"comment_status":"closed","ping_status":"closed","sticky":false,"template":"","format":"standard","meta":{"footnotes":""},"categories":[1],"tags":[],"class_list":["post-3817","post","type-post","status-publish","format-standard","has-post-thumbnail","hentry","category-noticias"],"_links":{"self":[{"href":"https:\/\/defensoriaformosa.gob.ar\/index.php?rest_route=\/wp\/v2\/posts\/3817","targetHints":{"allow":["GET"]}}],"collection":[{"href":"https:\/\/defensoriaformosa.gob.ar\/index.php?rest_route=\/wp\/v2\/posts"}],"about":[{"href":"https:\/\/defensoriaformosa.gob.ar\/index.php?rest_route=\/wp\/v2\/types\/post"}],"author":[{"embeddable":true,"href":"https:\/\/defensoriaformosa.gob.ar\/index.php?rest_route=\/wp\/v2\/users\/1"}],"replies":[{"embeddable":true,"href":"https:\/\/defensoriaformosa.gob.ar\/index.php?rest_route=%2Fwp%2Fv2%2Fcomments&post=3817"}],"version-history":[{"count":1,"href":"https:\/\/defensoriaformosa.gob.ar\/index.php?rest_route=\/wp\/v2\/posts\/3817\/revisions"}],"predecessor-version":[{"id":3819,"href":"https:\/\/defensoriaformosa.gob.ar\/index.php?rest_route=\/wp\/v2\/posts\/3817\/revisions\/3819"}],"wp:featuredmedia":[{"embeddable":true,"href":"https:\/\/defensoriaformosa.gob.ar\/index.php?rest_route=\/wp\/v2\/media\/3818"}],"wp:attachment":[{"href":"https:\/\/defensoriaformosa.gob.ar\/index.php?rest_route=%2Fwp%2Fv2%2Fmedia&parent=3817"}],"wp:term":[{"taxonomy":"category","embeddable":true,"href":"https:\/\/defensoriaformosa.gob.ar\/index.php?rest_route=%2Fwp%2Fv2%2Fcategories&post=3817"},{"taxonomy":"post_tag","embeddable":true,"href":"https:\/\/defensoriaformosa.gob.ar\/index.php?rest_route=%2Fwp%2Fv2%2Ftags&post=3817"}],"curies":[{"name":"wp","href":"https:\/\/api.w.org\/{rel}","templated":true}]}}