{"id":3802,"date":"2016-08-25T17:14:36","date_gmt":"2016-08-25T20:14:36","guid":{"rendered":"http:\/\/2015.defensoriaformosa.gob.ar\/?p=3802"},"modified":"2016-08-25T17:14:36","modified_gmt":"2016-08-25T20:14:36","slug":"la-defensoria-del-pueblo-exigio-al-ministerio-de-energia-y-al-enargas-audiencias-publicas-por-regiones-para-el-tema-del-gas","status":"publish","type":"post","link":"https:\/\/defensoriaformosa.gob.ar\/?p=3802","title":{"rendered":"LA DEFENSORIA DEL PUEBLO EXIGIO AL MINISTERIO DE ENERGIA  Y AL ENARGAS AUDIENCIAS PUBLICAS POR REGIONES PARA EL TEMA DEL GAS"},"content":{"rendered":"<p style=\"text-align: justify;\"><strong>En representaci\u00f3n de la universalidad de usuarios de la Provincia de Formosa, la Defensor\u00eda del Pueblo insto al Ministro de Energ\u00eda y Miner\u00eda, Juan Jos\u00e9 Aranguren y al actual Interventor de Enargas (Ente Nacional Regulador del Gas), Don David Tezanos Gonz\u00e1lez, que no se puede hacer una \u00fanica Audiencia P\u00fablica para el tarifazo del gas, pues las situaciones y realidades \u00a0de cada provincia o regi\u00f3n son profundamente diferentes.<\/strong><\/p>\n<p style=\"text-align: justify;\"><!--more--><\/p>\n<p style=\"text-align: justify;\">El Ombudsman Provincial, Dr. Jos\u00e9 Leonardo Gialluca, denuncio por otro lado, que no hemos podido tener informaci\u00f3n sobre todo el expediente y que quienes quieran participar deber\u00e1n viajar a Buenos Aires, agrav\u00e1ndose la situaci\u00f3n pues la inscripci\u00f3n a\u00fan no se determina si se podr\u00e1 hacer de otra manera que no sea presencial. Nadie informa absolutamente nada y los expedientes est\u00e1n restringidos.<\/p>\n<p style=\"text-align: justify;\">En nuestro caso, nos solidarizamos con los que ya tienen gas por redes y que se encuentran con la imposibilidad de discutir el precio de gas en boca de pozo, cuando\u00a0 la mayor\u00eda de los t\u00e9cnicos\u00a0 se\u00f1alan que en la Resoluci\u00f3n de Convocatoria este punto no es claro y representa el 70 % de la factura y por otro lado que el aumento tiene que ser como mucho del 100% y si quieren cobrar m\u00e1s nos tendr\u00e1n que explicar\u00a0 las causas y los motivos.<\/p>\n<p style=\"text-align: justify;\">El Organismo de la Constituci\u00f3n Provincial, se inscribir\u00e1 el d\u00eda lunes pr\u00f3ximo en la Ciudad Aut\u00f3noma de Buenos Aires y la intervenci\u00f3n conjuntamente con las Defensor\u00edas del NEA apuntara a que el Gobierno Nacional garantice un fondo o \u00edtem de financiamiento para concretar las redes secundarias y las domiciliarias, tal cual las tiene el resto del pa\u00eds y no quede esta regi\u00f3n del NEA, \u00fanicamente como territorio de paso del gasoducto que hoy inclusive est\u00e1 sumamente atrasado.<\/p>\n<p style=\"text-align: justify;\">Si esto no se aclara, entendemos que el Gobierno no aprovechara la Audiencia P\u00fablica, pues lo \u00fanico que le interesa es que las tarifas suban si o si, y como nadie niega que debe haber una revisi\u00f3n, lo lamentable de esto\u00a0 es que no se define una verdadera pol\u00edtica energ\u00e9tica que tenga legitimidad\u00a0 y que determine los precios de generaci\u00f3n (boca de pozo), los de las distribuidoras y las del transporte, como tambi\u00e9n deber\u00eda hacerse en la energ\u00eda el\u00e9ctrica con la pr\u00f3xima Audiencia P\u00fablica que ordenara la Corte Suprema; fij\u00e1ndose para los usuarios residenciales, \u201cprecios pagables y al alcance del bolsillo\u00a0 y de la econom\u00eda de cada hogar\u201d.<\/p>\n","protected":false},"excerpt":{"rendered":"<p>En representaci\u00f3n de la universalidad de usuarios de la Provincia de Formosa, la Defensor\u00eda del Pueblo insto al Ministro de Energ\u00eda y Miner\u00eda, Juan Jos\u00e9 Aranguren y al actual Interventor de Enargas (Ente Nacional Regulador del Gas), Don David Tezanos Gonz\u00e1lez, que no se puede hacer una \u00fanica Audiencia P\u00fablica para el tarifazo del gas, [&hellip;]<\/p>\n","protected":false},"author":1,"featured_media":3803,"comment_status":"closed","ping_status":"closed","sticky":false,"template":"","format":"standard","meta":{"footnotes":""},"categories":[1],"tags":[],"class_list":["post-3802","post","type-post","status-publish","format-standard","has-post-thumbnail","hentry","category-noticias"],"_links":{"self":[{"href":"https:\/\/defensoriaformosa.gob.ar\/index.php?rest_route=\/wp\/v2\/posts\/3802","targetHints":{"allow":["GET"]}}],"collection":[{"href":"https:\/\/defensoriaformosa.gob.ar\/index.php?rest_route=\/wp\/v2\/posts"}],"about":[{"href":"https:\/\/defensoriaformosa.gob.ar\/index.php?rest_route=\/wp\/v2\/types\/post"}],"author":[{"embeddable":true,"href":"https:\/\/defensoriaformosa.gob.ar\/index.php?rest_route=\/wp\/v2\/users\/1"}],"replies":[{"embeddable":true,"href":"https:\/\/defensoriaformosa.gob.ar\/index.php?rest_route=%2Fwp%2Fv2%2Fcomments&post=3802"}],"version-history":[{"count":1,"href":"https:\/\/defensoriaformosa.gob.ar\/index.php?rest_route=\/wp\/v2\/posts\/3802\/revisions"}],"predecessor-version":[{"id":3804,"href":"https:\/\/defensoriaformosa.gob.ar\/index.php?rest_route=\/wp\/v2\/posts\/3802\/revisions\/3804"}],"wp:featuredmedia":[{"embeddable":true,"href":"https:\/\/defensoriaformosa.gob.ar\/index.php?rest_route=\/wp\/v2\/media\/3803"}],"wp:attachment":[{"href":"https:\/\/defensoriaformosa.gob.ar\/index.php?rest_route=%2Fwp%2Fv2%2Fmedia&parent=3802"}],"wp:term":[{"taxonomy":"category","embeddable":true,"href":"https:\/\/defensoriaformosa.gob.ar\/index.php?rest_route=%2Fwp%2Fv2%2Fcategories&post=3802"},{"taxonomy":"post_tag","embeddable":true,"href":"https:\/\/defensoriaformosa.gob.ar\/index.php?rest_route=%2Fwp%2Fv2%2Ftags&post=3802"}],"curies":[{"name":"wp","href":"https:\/\/api.w.org\/{rel}","templated":true}]}}