{"id":3799,"date":"2016-08-24T16:03:58","date_gmt":"2016-08-24T19:03:58","guid":{"rendered":"http:\/\/2015.defensoriaformosa.gob.ar\/?p=3799"},"modified":"2016-08-24T16:03:58","modified_gmt":"2016-08-24T19:03:58","slug":"informo-la-defensoria-que-el-ramal-c-25-para-formosa-no-posee-a-la-fecha-partidas-presupuestarias-a-fin-de-su-reactivacion","status":"publish","type":"post","link":"https:\/\/defensoriaformosa.gob.ar\/?p=3799","title":{"rendered":"INFORMO LA DEFENSORIA QUE EL RAMAL C-25 PARA FORMOSA , NO POSEE A LA FECHA PARTIDAS PRESUPUESTARIAS A FIN DE SU REACTIVACION"},"content":{"rendered":"<p style=\"text-align: justify;\">\n<p style=\"text-align: justify;\"><strong>Habiendo requerido la -Direcci\u00f3n de Seguridad Vial-, de la Defensor\u00eda del Pueblo, al Ministerio de Transporte de Naci\u00f3n a cargo de Guillermo Dietrich, cual es la actual situaci\u00f3n en la que se encuentra la obra de Reactivaci\u00f3n del Ramal C-25, que atraviesa nuestra provincia, el Ombudsman Provincial, recepci\u00f3no en el d\u00eda de ayer, la Actuaci\u00f3n N\u00ba 1167\/16 de fecha 17 de agosto del corriente a\u00f1o, suscripta por Sebasti\u00e1n Commisso, Director de Informaci\u00f3n al Publico del Ministerio de Transporte y tambi\u00e9n del Se\u00f1or Secretario de Gesti\u00f3n de Transporte, Ing. H\u00e9ctor G. Krantzer, junto al Director de Administraci\u00f3n de Infraestructuras Ferroviarias S.E, Agr. Eugenio A. Commenge, quienes detallaron los procesos licitatorios y contrataciones como la 26\/11, la 27\/11, 28\/11 y 30\/11, todas con el objeto de rehabilitar las estructuras de vigas del Ferrocarril General Belgrano en el Ramal C- 25, tramo km 1810, 446-km-. 1751. 746, Provincia de Formosa, siendo la \u00faltima adjudicataria la empresa\u00a0 Helport S.A- Jos\u00e9 Chediac S.A.I.C.A \u2013 JCR S.A COMSA de Argentina S.A, Uni\u00f3n Transitoria de Empresas, por un monto de $258.499.000,00 IVA incluido.<\/strong><\/p>\n<p style=\"text-align: justify;\"><!--more--><\/p>\n<p style=\"text-align: justify;\">El Ombudsman Provincial, se\u00f1alo que estas obras no han tenido principio de ejecuci\u00f3n y no constando las razones por las cuales no se han iniciado las mismas, y en atenci\u00f3n al tiempo transcurrido, los presupuestos estimados, las ofertas adjudicadas ya se encuentran absolutamente desactualizadas. Es por ello que en este momento se nos ha hecho saber que tomara intervenci\u00f3n la Subsecretaria de Planificaci\u00f3n de Transporte de Cargas y Log\u00edstica de la Secretaria de Planificaci\u00f3n de Transporte del Ministerio de Transporte, a fin de evaluar la continuidad o no de los citados proyectos y se nos ha hecho saber que deber\u00e1n asignarse las partidas presupuestarias pertinentes dado que las mismas no se encuentran contempladas en el Plan de Acci\u00f3n y Presupuesto de la Sociedad correspondiente a todo el a\u00f1o 2016.<\/p>\n<p style=\"text-align: justify;\">\n<p style=\"text-align: justify;\">\n","protected":false},"excerpt":{"rendered":"<p>Habiendo requerido la -Direcci\u00f3n de Seguridad Vial-, de la Defensor\u00eda del Pueblo, al Ministerio de Transporte de Naci\u00f3n a cargo de Guillermo Dietrich, cual es la actual situaci\u00f3n en la que se encuentra la obra de Reactivaci\u00f3n del Ramal C-25, que atraviesa nuestra provincia, el Ombudsman Provincial, recepci\u00f3no en el d\u00eda de ayer, la Actuaci\u00f3n [&hellip;]<\/p>\n","protected":false},"author":1,"featured_media":3800,"comment_status":"closed","ping_status":"closed","sticky":false,"template":"","format":"standard","meta":{"footnotes":""},"categories":[1],"tags":[],"class_list":["post-3799","post","type-post","status-publish","format-standard","has-post-thumbnail","hentry","category-noticias"],"_links":{"self":[{"href":"https:\/\/defensoriaformosa.gob.ar\/index.php?rest_route=\/wp\/v2\/posts\/3799","targetHints":{"allow":["GET"]}}],"collection":[{"href":"https:\/\/defensoriaformosa.gob.ar\/index.php?rest_route=\/wp\/v2\/posts"}],"about":[{"href":"https:\/\/defensoriaformosa.gob.ar\/index.php?rest_route=\/wp\/v2\/types\/post"}],"author":[{"embeddable":true,"href":"https:\/\/defensoriaformosa.gob.ar\/index.php?rest_route=\/wp\/v2\/users\/1"}],"replies":[{"embeddable":true,"href":"https:\/\/defensoriaformosa.gob.ar\/index.php?rest_route=%2Fwp%2Fv2%2Fcomments&post=3799"}],"version-history":[{"count":1,"href":"https:\/\/defensoriaformosa.gob.ar\/index.php?rest_route=\/wp\/v2\/posts\/3799\/revisions"}],"predecessor-version":[{"id":3801,"href":"https:\/\/defensoriaformosa.gob.ar\/index.php?rest_route=\/wp\/v2\/posts\/3799\/revisions\/3801"}],"wp:featuredmedia":[{"embeddable":true,"href":"https:\/\/defensoriaformosa.gob.ar\/index.php?rest_route=\/wp\/v2\/media\/3800"}],"wp:attachment":[{"href":"https:\/\/defensoriaformosa.gob.ar\/index.php?rest_route=%2Fwp%2Fv2%2Fmedia&parent=3799"}],"wp:term":[{"taxonomy":"category","embeddable":true,"href":"https:\/\/defensoriaformosa.gob.ar\/index.php?rest_route=%2Fwp%2Fv2%2Fcategories&post=3799"},{"taxonomy":"post_tag","embeddable":true,"href":"https:\/\/defensoriaformosa.gob.ar\/index.php?rest_route=%2Fwp%2Fv2%2Ftags&post=3799"}],"curies":[{"name":"wp","href":"https:\/\/api.w.org\/{rel}","templated":true}]}}