{"id":3786,"date":"2016-08-23T21:12:43","date_gmt":"2016-08-24T00:12:43","guid":{"rendered":"http:\/\/2015.defensoriaformosa.gob.ar\/?p=3786"},"modified":"2016-08-23T21:12:43","modified_gmt":"2016-08-24T00:12:43","slug":"el-defensor-le-pidio-a-buryaile-que-no-confunda-al-pueblo-y-que-en-formosa-se-van-a-hacer-todas-las-audiencias-publicas-necesarias","status":"publish","type":"post","link":"https:\/\/defensoriaformosa.gob.ar\/?p=3786","title":{"rendered":"EL DEFENSOR LE PIDI\u00d3 A BURYAILE QUE NO CONFUNDA AL PUEBLO Y QUE EN FORMOSA SE VAN A HACER TODAS LAS AUDIENCIAS PUBLICAS NECESARIAS"},"content":{"rendered":"<p>&nbsp;<\/p>\n<p style=\"text-align: justify;\" align=\"justify\"><strong>El Defensor del Pueblo de la Provincia de Formosa, en ejercicio de su leg\u00edtimo derecho a r\u00e9plica, manifest\u00f3 que el actual Ministro de Agroindustria de la Naci\u00f3n, Ricardo Buryaile, debe quedarse tranquilo, pues en Formosa respetando la Constituci\u00f3n Nacional y las Leyes, se llevaran a cabo todas las Audiencias P\u00fablicas\u00a0 que sean necesarias para que los usuarios tengan acceso a una informaci\u00f3n integral sobre precios y tarifas de energ\u00eda.<\/strong><\/p>\n<p style=\"text-align: justify;\" align=\"justify\">\n<!--more--><\/p>\n<p style=\"text-align: justify;\" align=\"justify\">\n<p>&nbsp;<\/p>\n<p style=\"text-align: justify;\" align=\"justify\">El Ombudsman Provincial cuestiono los dichos del Ministro, pues ahora reci\u00e9n resalta la importancia de lo que nunca quiso hacer el Gobierno Nacional de Mauricio Macri, que son\u00a0 las Audiencias P\u00fablicas y siendo que la Corte Suprema hasta se qued\u00f3 corta con su fallo sobre el tarifazo del gas, pues dejo afuera y desamparadas a las PyMES, y usuarios comerciales que hoy no pueden pagar las facturas que consumen de gas o de energ\u00eda, \u00aben todo el pa\u00eds\u00bb o en su defecto trasladaran los mayores costos a los usuarios y consumidores, en donde la Secretaria de Comercio de Naci\u00f3n a cargo de Miguel Braun \u00fanicamente defiende a las empresas y empresarios.<\/p>\n<p>&nbsp;<\/p>\n<p style=\"text-align: justify;\" align=\"justify\">Gialluca, dijo que Buryaile no sabe porque en Formosa no se hacen las Audiencias, pues no conoce de derecho administrativo y menos de los diferentes pasos legales que faltan a\u00fan, es igual que Aranguren, \u00abva aprendiendo sobre la marcha y entretanto su Gobierno Centralista y Unitario, favorece a los sectores empresarios y castiga con la inflaci\u00f3n, con el desempleo y los tarifazos desmedidos a las franjas sociales menos pudientes\u00bb. Por otro lado, comete el mismo error conceptual que poseen muchos, en cuanto a considerar que tengo vedado inmiscuirme en -Pol\u00edticas P\u00fablicas- como las que err\u00f3neamente aplico el Gobierno Nacional\u00a0 desde una Planilla Excel, sin tener en cuenta lo que menciono el nuevo integrante de la Corte, Horacio Rosatti en el sentido que para garantizar la razonabilidad de las tarifas de los servicios p\u00fablicos es imprescindible que se tomen en cuenta los sectores y regiones con atenci\u00f3n especial a los m\u00e1s vulnerables, conforme al Art\u00edculo 16 y 42 de la C.N., reconoci\u00e9ndoles un \u00abtrato equitativo\u00bb, y esto no tiene nada que ver\u00a0 con Pol\u00edticas Partidarias.<\/p>\n<p>&nbsp;<\/p>\n<p style=\"text-align: justify;\" align=\"justify\">Gialluca afirmo que nunca le mentimos a la gente desde la Defensor\u00eda y por ello pudimos levantar los cortes de ruta en Loro Cu\u00e9 y en Tacaagle donde el Ministro confundi\u00f3 a los abor\u00edgenes productores que todos iban a cobrar el subsidio algodonero y mientras el funcionario nacional disfruta del futbol, productores frutihorticolas regalaban 10 mil kg de manzanas y peras en Plaza de Mayo, ya que estos productores de Rio Negro no dan m\u00e1s por las pol\u00edticas de los empresarios especuladores , pues en la manzana entre lo que cobra el productor y lo que paga el consumidor hay un 851% de diferencia y en la pera 1.009 % y para ello Buryaile est\u00e1 junto a su gobierno ausente, sin Pol\u00edticas P\u00fablicas de Estado, y sin aplicar leyes vigentes como la de Lealtad Comercial, Defensa de la Competencia y otras, pues para servicios y bienes; el Estado debe garantizar, \u00abun precio justo y razonable, no arbitrario ni abusivo\u00bb.<\/p>\n","protected":false},"excerpt":{"rendered":"<p>&nbsp; El Defensor del Pueblo de la Provincia de Formosa, en ejercicio de su leg\u00edtimo derecho a r\u00e9plica, manifest\u00f3 que el actual Ministro de Agroindustria de la Naci\u00f3n, Ricardo Buryaile, debe quedarse tranquilo, pues en Formosa respetando la Constituci\u00f3n Nacional y las Leyes, se llevaran a cabo todas las Audiencias P\u00fablicas\u00a0 que sean necesarias para [&hellip;]<\/p>\n","protected":false},"author":1,"featured_media":2954,"comment_status":"closed","ping_status":"closed","sticky":false,"template":"","format":"standard","meta":{"footnotes":""},"categories":[1,3],"tags":[],"class_list":["post-3786","post","type-post","status-publish","format-standard","has-post-thumbnail","hentry","category-noticias","category-defensa-de-los-derechos-del-usuario-consumidor-contribuyentes"],"_links":{"self":[{"href":"https:\/\/defensoriaformosa.gob.ar\/index.php?rest_route=\/wp\/v2\/posts\/3786","targetHints":{"allow":["GET"]}}],"collection":[{"href":"https:\/\/defensoriaformosa.gob.ar\/index.php?rest_route=\/wp\/v2\/posts"}],"about":[{"href":"https:\/\/defensoriaformosa.gob.ar\/index.php?rest_route=\/wp\/v2\/types\/post"}],"author":[{"embeddable":true,"href":"https:\/\/defensoriaformosa.gob.ar\/index.php?rest_route=\/wp\/v2\/users\/1"}],"replies":[{"embeddable":true,"href":"https:\/\/defensoriaformosa.gob.ar\/index.php?rest_route=%2Fwp%2Fv2%2Fcomments&post=3786"}],"version-history":[{"count":1,"href":"https:\/\/defensoriaformosa.gob.ar\/index.php?rest_route=\/wp\/v2\/posts\/3786\/revisions"}],"predecessor-version":[{"id":3787,"href":"https:\/\/defensoriaformosa.gob.ar\/index.php?rest_route=\/wp\/v2\/posts\/3786\/revisions\/3787"}],"wp:featuredmedia":[{"embeddable":true,"href":"https:\/\/defensoriaformosa.gob.ar\/index.php?rest_route=\/wp\/v2\/media\/2954"}],"wp:attachment":[{"href":"https:\/\/defensoriaformosa.gob.ar\/index.php?rest_route=%2Fwp%2Fv2%2Fmedia&parent=3786"}],"wp:term":[{"taxonomy":"category","embeddable":true,"href":"https:\/\/defensoriaformosa.gob.ar\/index.php?rest_route=%2Fwp%2Fv2%2Fcategories&post=3786"},{"taxonomy":"post_tag","embeddable":true,"href":"https:\/\/defensoriaformosa.gob.ar\/index.php?rest_route=%2Fwp%2Fv2%2Ftags&post=3786"}],"curies":[{"name":"wp","href":"https:\/\/api.w.org\/{rel}","templated":true}]}}