{"id":3777,"date":"2016-08-22T20:36:26","date_gmt":"2016-08-22T23:36:26","guid":{"rendered":"http:\/\/2015.defensoriaformosa.gob.ar\/?p=3777"},"modified":"2016-08-22T20:36:26","modified_gmt":"2016-08-22T23:36:26","slug":"energico-llamado-de-atencion-a-la-comunidad-y-a-las-familias-para-colaborar-en-la-eliminacion-de-los-criaderos-del-mosquito-del-dengue","status":"publish","type":"post","link":"https:\/\/defensoriaformosa.gob.ar\/?p=3777","title":{"rendered":"EN\u00c9RGICO LLAMADO DE ATENCION A LA COMUNIDAD Y A LAS FAMILIAS PARA COLABORAR EN LA ELIMINACION DE LOS CRIADEROS DEL MOSQUITO DEL DENGUE"},"content":{"rendered":"<p style=\"text-align: justify;\"><strong>Como resultado de reclamos efectuados por ciudadanos de distintos barrios de nuestra ciudad capital y que manifestaron por ante la Defensor\u00eda del Pueblo que est\u00e1n sufriendo una invasi\u00f3n de insectos, fundamentalmente de mosquitos, el Organismo de la Constituci\u00f3n, luego de realizar las acciones y gestiones Institucionales correspondientes, obtuvo por parte del Dr. Dar\u00edo Osuna Quintana, Subsecretario de Medicina Sanitaria, dependiente del MDH, y el Subsecretario de Coordinaci\u00f3n y Control, Dr. Edgard Abel Crocci a trav\u00e9s de la Nota N\u00ba 349\/16 que en el marco de las actividades de la Campa\u00f1a de la Lucha contra el Vector del Dengue en este periodo, se llevan a cabo en base a los Protocolos de Vigilancia y Control del Aedes Aegypti: controles qu\u00edmicos que se traducen en fumigaciones focales y espaciales\u00a0 la cual es efectiva pero no para la eliminaci\u00f3n de las larvas acu\u00e1ticas que permiten la reproducci\u00f3n r\u00e1pida del vector; adem\u00e1s controles por manejo ambiental , en los que se incluyen descacharrizados, ordenamiento del ambiente, intra y peri domicilios, evitando tener dep\u00f3sitos, acumulaci\u00f3n de agua en azoteas, superficies con desag\u00fces insuficientes, cubiertas, floreros, etc.<\/strong><\/p>\n<p style=\"text-align: justify;\"><!--more--><\/p>\n<p style=\"text-align: justify;\">Todos estos controles se realizan ambos en forma simult\u00e1nea y se suma la fumigaci\u00f3n tanto en el domicilio como en la manzana de las personas que lo piden, junto con la entrega de repelentes y folleteria , explic\u00e1ndose en qu\u00e9 consiste la fumigaci\u00f3n en periodos de bajas temperatura y la importancia de mantener la higiene en el hogar, especialmente deshacernos de todos aquellos elementos que puedan\u00a0 acumular agua y que le sirvan al Aedes Aegypti para reproducirse y por ello el Ombudsman Provincial, llamo a toda nuestra Comunidad a colaborar con las Autoridades Provinciales y Municipales tanto de capital como del interior provincial, para eliminar los criaderos y cuando se encuentren vecinos que van contra estas medidas , pedimos que se contacten a los tel\u00e9fonos 03704436379- 03704436320 al 08004441770 y\/o a los correos electr\u00f3nicos <a href=\"mailto:depuefor@fibertel.com.ar\">depuefor@fibertel.com.ar<\/a>; <a href=\"mailto:denuncia@formosa.gov.ar\">denuncia@formosa.gov.ar<\/a>; y los denuncien por ante la Defensor\u00eda , para nosotros poder actuar en forma inmediata y si es necesario llegar hasta la Justicia Penal, pues nadie tiene derecho a poner en riesgo la salud de otras personas.<\/p>\n","protected":false},"excerpt":{"rendered":"<p>Como resultado de reclamos efectuados por ciudadanos de distintos barrios de nuestra ciudad capital y que manifestaron por ante la Defensor\u00eda del Pueblo que est\u00e1n sufriendo una invasi\u00f3n de insectos, fundamentalmente de mosquitos, el Organismo de la Constituci\u00f3n, luego de realizar las acciones y gestiones Institucionales correspondientes, obtuvo por parte del Dr. Dar\u00edo Osuna Quintana, [&hellip;]<\/p>\n","protected":false},"author":1,"featured_media":3778,"comment_status":"closed","ping_status":"closed","sticky":false,"template":"","format":"standard","meta":{"footnotes":""},"categories":[5,1,6],"tags":[],"class_list":["post-3777","post","type-post","status-publish","format-standard","has-post-thumbnail","hentry","category-ambiente-y-desarrollo-sustentable","category-noticias","category-salud"],"_links":{"self":[{"href":"https:\/\/defensoriaformosa.gob.ar\/index.php?rest_route=\/wp\/v2\/posts\/3777","targetHints":{"allow":["GET"]}}],"collection":[{"href":"https:\/\/defensoriaformosa.gob.ar\/index.php?rest_route=\/wp\/v2\/posts"}],"about":[{"href":"https:\/\/defensoriaformosa.gob.ar\/index.php?rest_route=\/wp\/v2\/types\/post"}],"author":[{"embeddable":true,"href":"https:\/\/defensoriaformosa.gob.ar\/index.php?rest_route=\/wp\/v2\/users\/1"}],"replies":[{"embeddable":true,"href":"https:\/\/defensoriaformosa.gob.ar\/index.php?rest_route=%2Fwp%2Fv2%2Fcomments&post=3777"}],"version-history":[{"count":1,"href":"https:\/\/defensoriaformosa.gob.ar\/index.php?rest_route=\/wp\/v2\/posts\/3777\/revisions"}],"predecessor-version":[{"id":3779,"href":"https:\/\/defensoriaformosa.gob.ar\/index.php?rest_route=\/wp\/v2\/posts\/3777\/revisions\/3779"}],"wp:featuredmedia":[{"embeddable":true,"href":"https:\/\/defensoriaformosa.gob.ar\/index.php?rest_route=\/wp\/v2\/media\/3778"}],"wp:attachment":[{"href":"https:\/\/defensoriaformosa.gob.ar\/index.php?rest_route=%2Fwp%2Fv2%2Fmedia&parent=3777"}],"wp:term":[{"taxonomy":"category","embeddable":true,"href":"https:\/\/defensoriaformosa.gob.ar\/index.php?rest_route=%2Fwp%2Fv2%2Fcategories&post=3777"},{"taxonomy":"post_tag","embeddable":true,"href":"https:\/\/defensoriaformosa.gob.ar\/index.php?rest_route=%2Fwp%2Fv2%2Ftags&post=3777"}],"curies":[{"name":"wp","href":"https:\/\/api.w.org\/{rel}","templated":true}]}}