{"id":3770,"date":"2016-08-21T18:19:34","date_gmt":"2016-08-21T21:19:34","guid":{"rendered":"http:\/\/2015.defensoriaformosa.gob.ar\/?p=3770"},"modified":"2016-08-21T18:19:34","modified_gmt":"2016-08-21T21:19:34","slug":"relevamiento-de-la-defensoria-arrojo-que-el-95-de-los-usuarios-residenciales-de-energia-rechazan-el-tarifazo-de-nacion-y-piden-audiencia-publica-e-incrementos-que-pueda-ser-cumplidos-sin-sobresaltos","status":"publish","type":"post","link":"https:\/\/defensoriaformosa.gob.ar\/?p=3770","title":{"rendered":"RELEVAMIENTO DE LA DEFENSORIA ARROJO QUE EL 95% DE LOS USUARIOS RESIDENCIALES DE ENERGIA RECHAZAN EL TARIFAZO DE NACI\u00d3N Y PIDEN AUDIENCIA PUBLICA E INCREMENTOS QUE PUEDA SER CUMPLIDOS SIN SOBRESALTOS"},"content":{"rendered":"<p style=\"text-align: justify;\"><strong>Luego del Fallo de la Corte Suprema por el cual suspendi\u00f3 el incremento de las tarifas de gas y ordeno que se hagan Audiencias P\u00fablicas en las cuales se informe debidamente a todos los usuarios y se les otorgue la participaci\u00f3n ciudadana correspondiente, para que posteriormente se confeccionen los Cuadros Tarifarios, pero siempre teniendo en cuenta las realidades econ\u00f3micas sociales clim\u00e1ticas y culturales que se exponen en dicho \u00e1mbito; en este contexto la Defensor\u00eda del Pueblo de la Provincia llevo a cabo un relevamiento en distintos barrios de nuestra ciudad capital y tambi\u00e9n en ciudades y comunidades del interior provincial, en relaci\u00f3n a cu\u00e1l deber\u00eda ser el aumento de la energ\u00eda el\u00e9ctrica en nuestra provincia; y dividiendo los usuarios en residenciales, comerciales y Pymes, el 95% de los usuarios residenciales afirmaron que est\u00e1n de acuerdo en que se haga una revisi\u00f3n en los precios de la energ\u00eda, pero al mismo tiempo pidieron participar en una Audiencia P\u00fablica donde se les explique las distintas composiciones o \u00edtems que posee la Tarifa Energ\u00e9tica que pagan mensualmente y adem\u00e1s rechazaron totalmente las subas del 400% aproximadamente que implemento el Gobierno Nacional pues son impagables y se\u00f1alaron que las subas en la energ\u00eda deben tener siempre en cuenta las condiciones socioecon\u00f3micas de cada usuario o sectores, y adem\u00e1s que se eval\u00faen los consumos que debemos hacer en nuestra provincia por las altas temperatura.<\/strong><\/p>\n<p style=\"text-align: justify;\"><!--more--><\/p>\n<p style=\"text-align: justify;\">En el mismo sentido los usuarios comerciales y las Pymes, pidieron que la Corte Suprema las incluya en la anulaci\u00f3n del tarifazo de gas y energ\u00eda, puesto que sino expresaron, no podr\u00e1n continuar manteniendo los costos y gastos que deben\u00a0 afrontar en la actualidad.-<\/p>\n<p style=\"text-align: justify;\">Las Pymes se\u00f1alaron que se ven abandonadas por parte del Gobierno Nacional ya que la Corte Suprema las excluyo del beneficio de frenar las tarifas de gas al igual que los comercios y reiteraron su pedido de ser tambi\u00e9n incluidas en los nuevos valores tarifarios que se dictaran luego de la Audiencia P\u00fablica, pues de lo contrario denunciaron la arbitrariedad de estos aumentos y se\u00f1alaron que acudir\u00e1n a la justicia.<\/p>\n<p style=\"text-align: justify;\">El Ombudsman Provincial Dr. Jos\u00e9 Leonardo Gialluca, coincidi\u00f3 con estas posturas y record\u00f3 que en el voto del Dr. Horacio Rosatti el mismo se\u00f1alo: \u201cque en miras a garantizar la razonabilidad de un servicio p\u00fablico esencial es imprescindible que exista una clara diferenciaci\u00f3n de Sectores y Regiones, con atenci\u00f3n especial a los m\u00e1s vulnerables. En efecto el Art. 16 de la Constituci\u00f3n Nacional no impone una r\u00edgida igualdad, por lo que tal garant\u00eda no impide que el legislador contemple en forma distinta situaciones que considere diferente atribuy\u00e9ndose a su prudencia una amplia libertad para ordenar y agrupar, en la medida en que las distinciones o exclusiones se basen en motivos razonables y no en un prop\u00f3sito de hostilidad contra determinada persona o grupo\u00a0 de personas o en un indebido privilegio personal o de un grupo.\u201d<\/p>\n","protected":false},"excerpt":{"rendered":"<p>Luego del Fallo de la Corte Suprema por el cual suspendi\u00f3 el incremento de las tarifas de gas y ordeno que se hagan Audiencias P\u00fablicas en las cuales se informe debidamente a todos los usuarios y se les otorgue la participaci\u00f3n ciudadana correspondiente, para que posteriormente se confeccionen los Cuadros Tarifarios, pero siempre teniendo en [&hellip;]<\/p>\n","protected":false},"author":1,"featured_media":2577,"comment_status":"closed","ping_status":"closed","sticky":false,"template":"","format":"standard","meta":{"footnotes":""},"categories":[1],"tags":[],"class_list":["post-3770","post","type-post","status-publish","format-standard","has-post-thumbnail","hentry","category-noticias"],"_links":{"self":[{"href":"https:\/\/defensoriaformosa.gob.ar\/index.php?rest_route=\/wp\/v2\/posts\/3770","targetHints":{"allow":["GET"]}}],"collection":[{"href":"https:\/\/defensoriaformosa.gob.ar\/index.php?rest_route=\/wp\/v2\/posts"}],"about":[{"href":"https:\/\/defensoriaformosa.gob.ar\/index.php?rest_route=\/wp\/v2\/types\/post"}],"author":[{"embeddable":true,"href":"https:\/\/defensoriaformosa.gob.ar\/index.php?rest_route=\/wp\/v2\/users\/1"}],"replies":[{"embeddable":true,"href":"https:\/\/defensoriaformosa.gob.ar\/index.php?rest_route=%2Fwp%2Fv2%2Fcomments&post=3770"}],"version-history":[{"count":1,"href":"https:\/\/defensoriaformosa.gob.ar\/index.php?rest_route=\/wp\/v2\/posts\/3770\/revisions"}],"predecessor-version":[{"id":3771,"href":"https:\/\/defensoriaformosa.gob.ar\/index.php?rest_route=\/wp\/v2\/posts\/3770\/revisions\/3771"}],"wp:featuredmedia":[{"embeddable":true,"href":"https:\/\/defensoriaformosa.gob.ar\/index.php?rest_route=\/wp\/v2\/media\/2577"}],"wp:attachment":[{"href":"https:\/\/defensoriaformosa.gob.ar\/index.php?rest_route=%2Fwp%2Fv2%2Fmedia&parent=3770"}],"wp:term":[{"taxonomy":"category","embeddable":true,"href":"https:\/\/defensoriaformosa.gob.ar\/index.php?rest_route=%2Fwp%2Fv2%2Fcategories&post=3770"},{"taxonomy":"post_tag","embeddable":true,"href":"https:\/\/defensoriaformosa.gob.ar\/index.php?rest_route=%2Fwp%2Fv2%2Ftags&post=3770"}],"curies":[{"name":"wp","href":"https:\/\/api.w.org\/{rel}","templated":true}]}}