{"id":3768,"date":"2016-08-20T17:24:48","date_gmt":"2016-08-20T20:24:48","guid":{"rendered":"http:\/\/2015.defensoriaformosa.gob.ar\/?p=3768"},"modified":"2016-08-20T17:24:48","modified_gmt":"2016-08-20T20:24:48","slug":"senalo-la-defensoria-que-las-pymes-y-cooperativas-subiran-costos-y-perderan-empleos-como-consecuencia-del-fallo-de-la-corte-suprema-de-justicia-que-las-ha-excluido","status":"publish","type":"post","link":"https:\/\/defensoriaformosa.gob.ar\/?p=3768","title":{"rendered":"SE\u00d1ALO LA DEFENSORIA QUE LAS PYMES Y COOPERATIVAS SUBIR\u00c1N COSTOS Y PERDERAN EMPLEOS COMO CONSECUENCIA DEL FALLO DE LA CORTE SUPREMA DE JUSTICIA QUE LAS HA EXCLUIDO"},"content":{"rendered":"<p style=\"text-align: justify;\"><strong>Desde la Defensor\u00eda del Pueblo de la Provincia de Formosa, se afirmo en relaci\u00f3n al fallo de la Corte Suprema que no avalo las Resoluciones dictadas por el Ministerio de Energ\u00eda y Miner\u00eda de Naci\u00f3n a cargo de Aranguren, que esta instancia, en el caso del gas y seguramente siguiendo el mismo camino para el tarifazo energ\u00e9tico; no se ha puesto completamente del lado de los usuarios, salvo cuando a exigido Audiencias P\u00fablicas, puesto que si en las pr\u00f3ximas Audiencias, el Gobierno Nacional insiste y pretende imponer aumentos del 400% que son impagables, cuando la Corte ya le ha reconocido la facultad de fijar precios y tarifas, habi\u00e9ndose dejado de lado a los peque\u00f1os comerciantes, productores, clubes de barrios y entidades de bien p\u00fablico a los cuales se los est\u00e1 condenando a pagar precios de servicios esenciales desmesurados y se los arrastra a su desaparici\u00f3n o al cierre de los citados. <\/strong><\/p>\n<p style=\"text-align: justify;\"><!--more--><\/p>\n<p style=\"text-align: justify;\">Se hace necesario entonces no continuar con la judicializaci\u00f3n, pero s\u00ed que los incrementos que se autoricen sean razonables y que no vulneren a sectores ni regiones geograficas\u00a0 conforme lo determina el Art. 16 y cc junto al Art. 42 de la Constituci\u00f3n Nacional incorporado en la Reforma Constitucional de 1.994 que reconoce a todos los usuarios\u00a0 al derecho a un \u201ctrato equitativo\u201d.-<\/p>\n<p style=\"text-align: justify;\">El Ombudsman Provincial Dr. Jos\u00e9 Leonardo Gialluca analizo que con el fallo de la Corte Suprema debemos ser prudentes, puesto que a partir de los futuros Cuadros Tarifarios y si no se llegasen a incluir a las Pymes o a los comercios, \u201cestos trasladaran los mayores costos hacia los usuarios residenciales que es una posibilidad y la otra es que muchas de ella se ver\u00e1n obligadas a despedir mas empleados y todo esto trae una se\u00f1al de preocupaci\u00f3n, porque se le pide competitividad a los productores desde el Gobierno nacional, pero todos los costos suben incluso la energ\u00eda y a esto se le suma la ca\u00edda de las actividades, ingreso de exportaciones, todo lo cual impacta directamente contra los peque\u00f1os comercios y las cooperativas e indirectamente sobre los usuarios residenciales y consumidores.-<\/p>\n","protected":false},"excerpt":{"rendered":"<p>Desde la Defensor\u00eda del Pueblo de la Provincia de Formosa, se afirmo en relaci\u00f3n al fallo de la Corte Suprema que no avalo las Resoluciones dictadas por el Ministerio de Energ\u00eda y Miner\u00eda de Naci\u00f3n a cargo de Aranguren, que esta instancia, en el caso del gas y seguramente siguiendo el mismo camino para el [&hellip;]<\/p>\n","protected":false},"author":1,"featured_media":3732,"comment_status":"closed","ping_status":"closed","sticky":false,"template":"","format":"standard","meta":{"footnotes":""},"categories":[1,3],"tags":[],"class_list":["post-3768","post","type-post","status-publish","format-standard","has-post-thumbnail","hentry","category-noticias","category-defensa-de-los-derechos-del-usuario-consumidor-contribuyentes"],"_links":{"self":[{"href":"https:\/\/defensoriaformosa.gob.ar\/index.php?rest_route=\/wp\/v2\/posts\/3768","targetHints":{"allow":["GET"]}}],"collection":[{"href":"https:\/\/defensoriaformosa.gob.ar\/index.php?rest_route=\/wp\/v2\/posts"}],"about":[{"href":"https:\/\/defensoriaformosa.gob.ar\/index.php?rest_route=\/wp\/v2\/types\/post"}],"author":[{"embeddable":true,"href":"https:\/\/defensoriaformosa.gob.ar\/index.php?rest_route=\/wp\/v2\/users\/1"}],"replies":[{"embeddable":true,"href":"https:\/\/defensoriaformosa.gob.ar\/index.php?rest_route=%2Fwp%2Fv2%2Fcomments&post=3768"}],"version-history":[{"count":1,"href":"https:\/\/defensoriaformosa.gob.ar\/index.php?rest_route=\/wp\/v2\/posts\/3768\/revisions"}],"predecessor-version":[{"id":3769,"href":"https:\/\/defensoriaformosa.gob.ar\/index.php?rest_route=\/wp\/v2\/posts\/3768\/revisions\/3769"}],"wp:featuredmedia":[{"embeddable":true,"href":"https:\/\/defensoriaformosa.gob.ar\/index.php?rest_route=\/wp\/v2\/media\/3732"}],"wp:attachment":[{"href":"https:\/\/defensoriaformosa.gob.ar\/index.php?rest_route=%2Fwp%2Fv2%2Fmedia&parent=3768"}],"wp:term":[{"taxonomy":"category","embeddable":true,"href":"https:\/\/defensoriaformosa.gob.ar\/index.php?rest_route=%2Fwp%2Fv2%2Fcategories&post=3768"},{"taxonomy":"post_tag","embeddable":true,"href":"https:\/\/defensoriaformosa.gob.ar\/index.php?rest_route=%2Fwp%2Fv2%2Ftags&post=3768"}],"curies":[{"name":"wp","href":"https:\/\/api.w.org\/{rel}","templated":true}]}}