{"id":3766,"date":"2016-08-19T16:44:30","date_gmt":"2016-08-19T19:44:30","guid":{"rendered":"http:\/\/2015.defensoriaformosa.gob.ar\/?p=3766"},"modified":"2016-08-19T16:44:30","modified_gmt":"2016-08-19T19:44:30","slug":"informo-la-defensoria-del-pueblo-que-por-pedido-de-la-corte-gils-carbo-debera-ahora-dictaminar-sobre-las-tarifas-electricas","status":"publish","type":"post","link":"https:\/\/defensoriaformosa.gob.ar\/?p=3766","title":{"rendered":"INFORMO LA DEFENSORIA DEL PUEBLO QUE POR PEDIDO DE LA CORTE, GILS CARBO DEBERA AHORA DICTAMINAR SOBRE LAS TARIFAS ELECTRICAS"},"content":{"rendered":"<p style=\"text-align: justify;\"><strong>Desde la Defensor\u00eda del Pueblo, se se\u00f1alo tras el fallo de la Corte Suprema, que freno el aumento de la tarifa de gas para el sector exclusivamente de los usuarios residenciales , que esta decisi\u00f3n no soluciona los problemas que generaron los incrementos en todos los sectores de la econom\u00eda, y ahora si bien el Gobierno Nacional, se ve obligado a cumplir con la Constituci\u00f3n y llamar a Audiencias P\u00fablicas, el Ombudsman Provincial, Dr. Jos\u00e9 Leonardo Gialluca, manifest\u00f3 que los comerciantes, las PyMES y sus Asociaciones est\u00e1n totalmente habilitadas para iniciar las acciones judiciales en defensa de sus derechos.<\/strong><\/p>\n<p style=\"text-align: justify;\"><!--more--><\/p>\n<p style=\"text-align: justify;\">No obstante lo cual advirti\u00f3 que el Fallo contra el aumento del gas a residenciales, tendr\u00eda que funcionar como una referencia para el Poder Ejecutivo Nacional y evitar la judicializaci\u00f3n de la pol\u00edtica, pues la misma Corte ha dejado en claro cu\u00e1les son las funciones del Poder Ejecutivo del Legislativo y Judicial.<\/p>\n<p style=\"text-align: justify;\">Para el funcionario la Corte, debi\u00f3 expedirse en un fallo integral que protegiera del tarifazo tambi\u00e9n a las PyMES , los clubes de barrio, entidades de bien p\u00fablico sin fines de lucro, y solucionar de una vez por todas esta cuesti\u00f3n, pues los actuales aumentos hacen que pierdan competitividad los peque\u00f1os comerciantes y que los clubes y entidades de bien p\u00fablico no puedan pagar sus facturas.<\/p>\n<p style=\"text-align: justify;\">En lo que respecta al tarifazo energ\u00e9tico, Gialluca se\u00f1alo que el m\u00e1ximo tribunal ya le solicito a la Procuradora General de la Naci\u00f3n, Alejandra Gils Carbo que dictamine sobre la validez del aumento en las tarifas el\u00e9ctricas y con seguridad vaticino que al no haberse realizado Audiencias P\u00fablicas, se pronunciara\u00a0 al igual que lo hizo en el tema del gas y la Corte sacar\u00e1 un fallo con rasgos parecidos al anterior y determinara la Nulidad de las Resoluciones 6 y 7 \/16 del Ministerio de Energ\u00eda\u00a0 y Miner\u00eda de Naci\u00f3n y la Resoluci\u00f3n 1\/16 del ENRE, por lo cual una vez que conozcamos los precios de la energ\u00eda que tendr\u00e1 el mercado mayorista (CAMMESA),\u00a0 se llevar\u00eda a cabo la Audiencia Publica pertinente en nuestra provincia y de all\u00ed saldr\u00e1 un nuevo cuadro tarifario donde nos presentaremos pidiendo que los aumentos sean razonables, fundados y principalmente que se contemplen las diferentes situaciones sociales y econ\u00f3micas de los usuarios, de manera que las facturas de REFSA, no se tornen impagables para los usuarios residenciales y comerciales.<\/p>\n","protected":false},"excerpt":{"rendered":"<p>Desde la Defensor\u00eda del Pueblo, se se\u00f1alo tras el fallo de la Corte Suprema, que freno el aumento de la tarifa de gas para el sector exclusivamente de los usuarios residenciales , que esta decisi\u00f3n no soluciona los problemas que generaron los incrementos en todos los sectores de la econom\u00eda, y ahora si bien el [&hellip;]<\/p>\n","protected":false},"author":1,"featured_media":2885,"comment_status":"closed","ping_status":"closed","sticky":false,"template":"","format":"standard","meta":{"footnotes":""},"categories":[1],"tags":[],"class_list":["post-3766","post","type-post","status-publish","format-standard","has-post-thumbnail","hentry","category-noticias"],"_links":{"self":[{"href":"https:\/\/defensoriaformosa.gob.ar\/index.php?rest_route=\/wp\/v2\/posts\/3766","targetHints":{"allow":["GET"]}}],"collection":[{"href":"https:\/\/defensoriaformosa.gob.ar\/index.php?rest_route=\/wp\/v2\/posts"}],"about":[{"href":"https:\/\/defensoriaformosa.gob.ar\/index.php?rest_route=\/wp\/v2\/types\/post"}],"author":[{"embeddable":true,"href":"https:\/\/defensoriaformosa.gob.ar\/index.php?rest_route=\/wp\/v2\/users\/1"}],"replies":[{"embeddable":true,"href":"https:\/\/defensoriaformosa.gob.ar\/index.php?rest_route=%2Fwp%2Fv2%2Fcomments&post=3766"}],"version-history":[{"count":1,"href":"https:\/\/defensoriaformosa.gob.ar\/index.php?rest_route=\/wp\/v2\/posts\/3766\/revisions"}],"predecessor-version":[{"id":3767,"href":"https:\/\/defensoriaformosa.gob.ar\/index.php?rest_route=\/wp\/v2\/posts\/3766\/revisions\/3767"}],"wp:featuredmedia":[{"embeddable":true,"href":"https:\/\/defensoriaformosa.gob.ar\/index.php?rest_route=\/wp\/v2\/media\/2885"}],"wp:attachment":[{"href":"https:\/\/defensoriaformosa.gob.ar\/index.php?rest_route=%2Fwp%2Fv2%2Fmedia&parent=3766"}],"wp:term":[{"taxonomy":"category","embeddable":true,"href":"https:\/\/defensoriaformosa.gob.ar\/index.php?rest_route=%2Fwp%2Fv2%2Fcategories&post=3766"},{"taxonomy":"post_tag","embeddable":true,"href":"https:\/\/defensoriaformosa.gob.ar\/index.php?rest_route=%2Fwp%2Fv2%2Ftags&post=3766"}],"curies":[{"name":"wp","href":"https:\/\/api.w.org\/{rel}","templated":true}]}}