{"id":3760,"date":"2016-08-18T16:54:33","date_gmt":"2016-08-18T19:54:33","guid":{"rendered":"http:\/\/2015.defensoriaformosa.gob.ar\/?p=3760"},"modified":"2016-08-18T16:54:33","modified_gmt":"2016-08-18T19:54:33","slug":"senalo-la-defensoria-que-el-fallo-de-la-corte-suprema-que-puso-freno-al-tarifazo-del-gas-lleva-inexorablemente-a-que-suceda-lo-mismo-con-el-tarifazo-energetico","status":"publish","type":"post","link":"https:\/\/defensoriaformosa.gob.ar\/?p=3760","title":{"rendered":"SE\u00d1ALO LA DEFENSORIA QUE EL FALLO DE LA CORTE SUPREMA QUE PUSO FRENO AL TARIFAZO DEL GAS, LLEVA INEXORABLEMENTE A QUE SUCEDA LO MISMO CON EL TARIFAZO ENERGETICO"},"content":{"rendered":"<p style=\"text-align: justify;\">\n<p><strong>Se pidi\u00f3 un Acuerdo Federal Energ\u00e9tico que contemple las realidades sociales, econ\u00f3micas, clim\u00e1ticas y culturales de cada Regi\u00f3n del Pa\u00eds-<\/strong><\/p>\n<p><!--more--><\/p>\n<p>Tal como lo hab\u00eda adelantado la Defensor\u00eda del Pueblo de la Provincia de Formosa, la Corte Suprema puso un freno al tarifazo del gas implementado por el Gobierno Nacional, ya que no se hab\u00edan cumplido con las Audiencias P\u00fablicas obligatorias previamente y que son un requisito esencial cuando el Ejecutivo Nacional\u00a0 modifica precios o tarifas de servicios p\u00fablicos, en fundamento del Articulo 42 de la Constituci\u00f3n Nacional que prev\u00e9 la participaci\u00f3n de los usuarios, la Democracia Republicana, el derecho a la informaci\u00f3n y las leyes aplicables al caso.<\/p>\n<p style=\"text-align: justify;\">El tribunal, por unanimidad, resolvi\u00f3: \u2022 Que para la fijaci\u00f3n de tarifas de gas, la audiencia p\u00fablica previa es de cumplimiento obligatorio\u2022 Se confirm\u00f3 la sentencia apelada en cuanto declara la nulidad de las Resoluciones del Ministerio de Energ\u00eda \u2022 La decisi\u00f3n se circunscribe al colectivo de los usuarios residenciales \u2022 Respecto de ellos, las tarifas deben retrotraerse a los valores vigentes previos al aumento dispuesto por las resoluciones que se invalidan.\u2022 Se mantiene la tarifa social.<\/p>\n<p style=\"text-align: justify;\">El Ombudsman Provincial se\u00f1alo que este Fallo, \u201cya sienta un precedente que pr\u00f3ximamente la Corte se expedir\u00e1 en igual sentido, en relaci\u00f3n al tarifazo energ\u00e9tico, pues al haber incrementado el Presidente Macri el costo de generaci\u00f3n de la energ\u00eda sin Audiencia P\u00fablica, ahora la tendr\u00e1 que convocar y de ella si bien no es vinculante, se podr\u00e1 escuchar a todas las partes que quieran participar\u00a0 y el Gobierno Nacional, \u201cdebe tener en cuenta los antecedentes de estas Audiencias P\u00fablicas\u201d y por ello en la pr\u00e1ctica cuando CAMMESA se vea obligada a cobrar a REFSA la energ\u00eda que le vende a un menor valor, esto se trasladara tambi\u00e9n a los usuarios y esperamos que tambi\u00e9n la comercializadora nacional, le emita las notas de cr\u00e9dito correspondientes a REFSA, y nuestra distribuidora haga los mismo con los usuarios residenciales, comerciales y PyMES\u00a0 pues en este caso las acciones judiciales fueron planteadas m\u00e1s ampliamente que las del gas, que pidieron \u00fanicamente por los usuarios residenciales.<\/p>\n<p style=\"text-align: justify;\">Por \u00faltimo, Gialluca se\u00f1al\u00f3 que ha quedado en claro que es el Poder Ejecutivo Nacional el que tiene que implementar las pol\u00edticas energ\u00e9ticas que hoy no tenemos y que el Poder Legislativo debe determinar los marcos regulatorios y las facultades tributarias siendo el Poder Judicial el que debe controlar si las tarifas se ajustan a la Constituci\u00f3n, a la Ley y su razonabilidad. Sugiriendo que a todo esto ser\u00eda muy auspicioso para todos que podamos llegar a un, \u201cAcuerdo Federal Energ\u00e9tico que contemple las realidades sociales, econ\u00f3micas, clim\u00e1ticas y culturales de cada regi\u00f3n del Pa\u00eds\u201d.<\/p>\n","protected":false},"excerpt":{"rendered":"<p>Se pidi\u00f3 un Acuerdo Federal Energ\u00e9tico que contemple las realidades sociales, econ\u00f3micas, clim\u00e1ticas y culturales de cada Regi\u00f3n del Pa\u00eds-<\/p>\n","protected":false},"author":1,"featured_media":3761,"comment_status":"closed","ping_status":"closed","sticky":false,"template":"","format":"standard","meta":{"footnotes":""},"categories":[1,3],"tags":[],"class_list":["post-3760","post","type-post","status-publish","format-standard","has-post-thumbnail","hentry","category-noticias","category-defensa-de-los-derechos-del-usuario-consumidor-contribuyentes"],"_links":{"self":[{"href":"https:\/\/defensoriaformosa.gob.ar\/index.php?rest_route=\/wp\/v2\/posts\/3760","targetHints":{"allow":["GET"]}}],"collection":[{"href":"https:\/\/defensoriaformosa.gob.ar\/index.php?rest_route=\/wp\/v2\/posts"}],"about":[{"href":"https:\/\/defensoriaformosa.gob.ar\/index.php?rest_route=\/wp\/v2\/types\/post"}],"author":[{"embeddable":true,"href":"https:\/\/defensoriaformosa.gob.ar\/index.php?rest_route=\/wp\/v2\/users\/1"}],"replies":[{"embeddable":true,"href":"https:\/\/defensoriaformosa.gob.ar\/index.php?rest_route=%2Fwp%2Fv2%2Fcomments&post=3760"}],"version-history":[{"count":1,"href":"https:\/\/defensoriaformosa.gob.ar\/index.php?rest_route=\/wp\/v2\/posts\/3760\/revisions"}],"predecessor-version":[{"id":3762,"href":"https:\/\/defensoriaformosa.gob.ar\/index.php?rest_route=\/wp\/v2\/posts\/3760\/revisions\/3762"}],"wp:featuredmedia":[{"embeddable":true,"href":"https:\/\/defensoriaformosa.gob.ar\/index.php?rest_route=\/wp\/v2\/media\/3761"}],"wp:attachment":[{"href":"https:\/\/defensoriaformosa.gob.ar\/index.php?rest_route=%2Fwp%2Fv2%2Fmedia&parent=3760"}],"wp:term":[{"taxonomy":"category","embeddable":true,"href":"https:\/\/defensoriaformosa.gob.ar\/index.php?rest_route=%2Fwp%2Fv2%2Fcategories&post=3760"},{"taxonomy":"post_tag","embeddable":true,"href":"https:\/\/defensoriaformosa.gob.ar\/index.php?rest_route=%2Fwp%2Fv2%2Ftags&post=3760"}],"curies":[{"name":"wp","href":"https:\/\/api.w.org\/{rel}","templated":true}]}}