{"id":376,"date":"2015-01-30T21:13:03","date_gmt":"2015-01-31T00:13:03","guid":{"rendered":"http:\/\/2015.defensoriaformosa.gob.ar\/?p=376"},"modified":"2015-01-30T21:13:03","modified_gmt":"2015-01-31T00:13:03","slug":"reunion-de-autoridades-y-representantes-de-asociaciones-de-la-comunidad-la-primavera-con-el-defensor-del-pueblo","status":"publish","type":"post","link":"https:\/\/defensoriaformosa.gob.ar\/?p=376","title":{"rendered":"REUNION DE AUTORIDADES Y REPRESENTANTES DE ASOCIACIONES DE LA COMUNIDAD LA PRIMAVERA CON EL DEFENSOR DEL PUEBLO"},"content":{"rendered":"<p style=\"text-align: justify;\"><strong>Denuncian a F\u00e9lix D\u00edaz, H\u00e9ctor Alonso y otros por cortar la Ruta Nacional N\u00ba 86 e impedir el libre tr\u00e1nsito dentro de su propia Comunidad.<\/strong><!--more--><\/p>\n<p style=\"text-align: justify;\">Concurrieron a la Defensor\u00eda del Pueblo de la Provincia de Formosa, en el d\u00eda de ayer en horas de la ma\u00f1ana, el Cacique de la Comunidad de la Primavera, Sanabria Cristino, junto al Administrador de la Colonia, Sr Chilagaloy Mateo, miembros de la Asociaci\u00f3n Civil La Primavera, entre los que se encontraban su Presidente el Sr Camachi Oscar, y tambi\u00e9n el Sr Fern\u00e1ndez Ceferino, junto al Presidente de la Uni\u00f3n de Pastores Evang\u00e9licos, Sr. Balbino Alberto F\u00e9lix; quienes fueron recibidos por el Ombudsman Provincial, Dr. Jos\u00e9 Leonardo Gialluca. Los antes citados en primer t\u00e9rmino presentaron una formal denuncia contra el Sr. F\u00e9lix D\u00edaz, por el corte de la Ruta Nacional N\u00ba 86 que impide que ingresen las maquinarias viales necesarias para llevar adelante las obras autorizadas desde el Ministerio de Planificaci\u00f3n, Obras y Servicios P\u00fablicos a cargo del Ing. Jorge Jofre, como as\u00ed tambi\u00e9n los camiones con materiales para continuar y concluir con los trabajos de viviendas para las cuatro (4) empresas que est\u00e1n trabajando en el sitio, adem\u00e1s se impide con este corte trabajar a los t\u00e9cnicos y obreros de la Cooperativa de Obras y Servicios P\u00fablicos, Clorinda Ltda., en lo que respecta a los tendidos de cables para la electrificaci\u00f3n rural de la Comunidad de la Primavera. Asimismo retrasan los trabajos para la ejecuci\u00f3n de un Centro de Salud que contar\u00e1 con una superficie cubierta de 580 m2 y consultorios para todas las especialidades medicas, farmacia, sala de pre internaci\u00f3n, enfermer\u00eda, estacionamientos de ambulancias, etc.<\/p>\n<p style=\"text-align: justify;\">Desde la Defensor\u00eda del Pueblo, se corri\u00f3 traslado de esta denuncia al Centro de Estudios Legales y Sociales (CELS), a la Defensora General de Naci\u00f3n, Dra. Stella Maris Mart\u00ednez, y al Defensor del Pueblo de la Naci\u00f3n, Cdor. Carlos Haquin.<\/p>\n<p style=\"text-align: justify;\">\u201cDenunciaron adem\u00e1s que el Se\u00f1or F\u00e9lix D\u00edaz y su grupo de seguidores \u2013 han colocado alambres en todos los caminos de acceso a la Comunidad-, lo que impide el libre tr\u00e1nsito de motovehiculos, veh\u00edculos, ambulancias, recreando con ello una grave situaci\u00f3n interna e institucional y legal, que se ha convertido en inaceptable e intolerable para todos los que viven en la zona\u201d.<\/p>\n<p style=\"text-align: justify;\">Ante estas denuncias, el Defensor del Pueblo, se\u00f1alo que concretara en el Juzgado Federal las presentaciones jur\u00eddicas correspondientes contra F\u00e9lix D\u00edaz, adem\u00e1s del Sr. H\u00e9ctor Alonso y otros por estar cometiendo un delito federal, condenado por nuestro C\u00f3digo Penal y esperaba que la Justicia o los Fiscales de turno, citaran inmediatamente a los denunciados para que den las explicaciones acerca de las \u201ccausas o motivos\u201d de las medidas que llevan adelante.<\/p>\n<p style=\"text-align: justify;\">Por \u00faltimo, los originarios que participaron de la reuni\u00f3n, \u201cdijeron que est\u00e1n cansados de los permanentes atropellos de F\u00e9lix D\u00edaz, a quien no le interesa el presente ni el futuro de los integrantes de la Comunidad La Primavera, sino que se mueve, priorizando sus intereses personales y pretendiendo aislarlos de todo el mundo y con ello impide que se vean beneficiados con la prosecuci\u00f3n de obras y beneficios que hoy no llegan a las familias de la colonia citada, por sus caprichos e intereses inconfesables\u201d .<\/p>\n","protected":false},"excerpt":{"rendered":"<p>Denuncian a F\u00e9lix D\u00edaz, H\u00e9ctor Alonso y otros por cortar la Ruta Nacional N\u00ba 86 e impedir el libre tr\u00e1nsito dentro de su propia Comunidad.<\/p>\n","protected":false},"author":1,"featured_media":377,"comment_status":"closed","ping_status":"closed","sticky":false,"template":"","format":"standard","meta":{"footnotes":""},"categories":[1],"tags":[],"class_list":["post-376","post","type-post","status-publish","format-standard","has-post-thumbnail","hentry","category-noticias"],"_links":{"self":[{"href":"https:\/\/defensoriaformosa.gob.ar\/index.php?rest_route=\/wp\/v2\/posts\/376","targetHints":{"allow":["GET"]}}],"collection":[{"href":"https:\/\/defensoriaformosa.gob.ar\/index.php?rest_route=\/wp\/v2\/posts"}],"about":[{"href":"https:\/\/defensoriaformosa.gob.ar\/index.php?rest_route=\/wp\/v2\/types\/post"}],"author":[{"embeddable":true,"href":"https:\/\/defensoriaformosa.gob.ar\/index.php?rest_route=\/wp\/v2\/users\/1"}],"replies":[{"embeddable":true,"href":"https:\/\/defensoriaformosa.gob.ar\/index.php?rest_route=%2Fwp%2Fv2%2Fcomments&post=376"}],"version-history":[{"count":1,"href":"https:\/\/defensoriaformosa.gob.ar\/index.php?rest_route=\/wp\/v2\/posts\/376\/revisions"}],"predecessor-version":[{"id":378,"href":"https:\/\/defensoriaformosa.gob.ar\/index.php?rest_route=\/wp\/v2\/posts\/376\/revisions\/378"}],"wp:featuredmedia":[{"embeddable":true,"href":"https:\/\/defensoriaformosa.gob.ar\/index.php?rest_route=\/wp\/v2\/media\/377"}],"wp:attachment":[{"href":"https:\/\/defensoriaformosa.gob.ar\/index.php?rest_route=%2Fwp%2Fv2%2Fmedia&parent=376"}],"wp:term":[{"taxonomy":"category","embeddable":true,"href":"https:\/\/defensoriaformosa.gob.ar\/index.php?rest_route=%2Fwp%2Fv2%2Fcategories&post=376"},{"taxonomy":"post_tag","embeddable":true,"href":"https:\/\/defensoriaformosa.gob.ar\/index.php?rest_route=%2Fwp%2Fv2%2Ftags&post=376"}],"curies":[{"name":"wp","href":"https:\/\/api.w.org\/{rel}","templated":true}]}}