{"id":3758,"date":"2016-08-18T16:52:42","date_gmt":"2016-08-18T19:52:42","guid":{"rendered":"http:\/\/2015.defensoriaformosa.gob.ar\/?p=3758"},"modified":"2016-08-18T16:52:42","modified_gmt":"2016-08-18T19:52:42","slug":"la-defensoria-del-pueblo-insto-a-aranguren-a-que-no-descarte-las-redes-de-distribucion-secundarias-y-domiciliarias-de-gas-para-las-provincias-del-nea","status":"publish","type":"post","link":"https:\/\/defensoriaformosa.gob.ar\/?p=3758","title":{"rendered":"LA DEFENSORIA DEL PUEBLO, INSTO A ARANGUREN A QUE NO DESCARTE LAS REDES DE DISTRIBUCION SECUNDARIAS Y DOMICILIARIAS DE GAS PARA LAS PROVINCIAS DEL NEA"},"content":{"rendered":"<p style=\"text-align: justify;\"><strong>La confirmaci\u00f3n del actual Ministro de Energ\u00eda y Miner\u00eda de la Naci\u00f3n, Juan Jos\u00e9 Aranguren, sobre la ejecuci\u00f3n del Gasoducto Troncal del NEA, excluyendo a las redes secundarias y a las domiciliarias que fueron planificadas para llegar a las poblaciones del interior de nuestra provincia y a los domicilios, fue considerada por la Defensor\u00eda del Pueblo, como un acto de discriminaci\u00f3n innecesaria hacia quienes trabajamos y vivimos en el NEA.<\/strong><\/p>\n<p style=\"text-align: justify;\"><!--more--><\/p>\n<p style=\"text-align: justify;\">El Ombudsman Provincial, Dr. Jos\u00e9 Leonardo Gialluca, se\u00f1alo que esta confirmaci\u00f3n de Aranguren sobre la ejecuci\u00f3n solo del Gasoducto Troncal del NEA, nos ha obligado ya frente a esta falta de respeto, pues los porte\u00f1os har\u00e1n pasar el Gasoducto por nuestros territorios, pero no nos permitir\u00e1n el acceso al gas natural, muestra una vez m\u00e1s, \u201cel fuerte manejo centralista y unitario del Gobierno Nacional\u201d.<\/p>\n<p style=\"text-align: justify;\">Gialluca rechazo enf\u00e1ticamente que Aranguren afirme, \u201cque no es rentable la red domiciliaria de gas en el NEA y que es mucho m\u00e1s barato que nos subsidien el gas en garrafas y eso demuestra a las claras que est\u00e1 hablando como un empresario y no como un Ministro de la Naci\u00f3n\u201d.<\/p>\n<p style=\"text-align: justify;\">Ante esta situaci\u00f3n es que ya hemos pedido, que se modifique en forma inmediata esta decisi\u00f3n, \u00a0al Presidente de la Naci\u00f3n, al Ministro Aranguren y al Titular de la Unidad\u00a0 Plan Belgrano, Jos\u00e9 Cano y adem\u00e1s tambi\u00e9n hemos requerido el apoyo de todos los legisladores provinciales y nacionales del NEA a trav\u00e9s de las Defensor\u00edas del Pueblo de cada jurisdicci\u00f3n. Esperamos entonces que esta decisi\u00f3n desacertada e infundada, sea revisada por el Gobierno Nacional, pues de lo contrario, \u201cnuevamente tendremos que judicializar esta cuesti\u00f3n, en defensa de los derechos de todos los usuarios residenciales, comerciales y PyMES del NEA, que necesitamos tambi\u00e9n tener\u00a0 una energ\u00eda barata para poder desarrollarnos, como actualmente lo tiene todo el resto del Pa\u00eds\u201d.<\/p>\n","protected":false},"excerpt":{"rendered":"<p>La confirmaci\u00f3n del actual Ministro de Energ\u00eda y Miner\u00eda de la Naci\u00f3n, Juan Jos\u00e9 Aranguren, sobre la ejecuci\u00f3n del Gasoducto Troncal del NEA, excluyendo a las redes secundarias y a las domiciliarias que fueron planificadas para llegar a las poblaciones del interior de nuestra provincia y a los domicilios, fue considerada por la Defensor\u00eda del [&hellip;]<\/p>\n","protected":false},"author":1,"featured_media":3710,"comment_status":"closed","ping_status":"closed","sticky":false,"template":"","format":"standard","meta":{"footnotes":""},"categories":[1],"tags":[],"class_list":["post-3758","post","type-post","status-publish","format-standard","has-post-thumbnail","hentry","category-noticias"],"_links":{"self":[{"href":"https:\/\/defensoriaformosa.gob.ar\/index.php?rest_route=\/wp\/v2\/posts\/3758","targetHints":{"allow":["GET"]}}],"collection":[{"href":"https:\/\/defensoriaformosa.gob.ar\/index.php?rest_route=\/wp\/v2\/posts"}],"about":[{"href":"https:\/\/defensoriaformosa.gob.ar\/index.php?rest_route=\/wp\/v2\/types\/post"}],"author":[{"embeddable":true,"href":"https:\/\/defensoriaformosa.gob.ar\/index.php?rest_route=\/wp\/v2\/users\/1"}],"replies":[{"embeddable":true,"href":"https:\/\/defensoriaformosa.gob.ar\/index.php?rest_route=%2Fwp%2Fv2%2Fcomments&post=3758"}],"version-history":[{"count":1,"href":"https:\/\/defensoriaformosa.gob.ar\/index.php?rest_route=\/wp\/v2\/posts\/3758\/revisions"}],"predecessor-version":[{"id":3759,"href":"https:\/\/defensoriaformosa.gob.ar\/index.php?rest_route=\/wp\/v2\/posts\/3758\/revisions\/3759"}],"wp:featuredmedia":[{"embeddable":true,"href":"https:\/\/defensoriaformosa.gob.ar\/index.php?rest_route=\/wp\/v2\/media\/3710"}],"wp:attachment":[{"href":"https:\/\/defensoriaformosa.gob.ar\/index.php?rest_route=%2Fwp%2Fv2%2Fmedia&parent=3758"}],"wp:term":[{"taxonomy":"category","embeddable":true,"href":"https:\/\/defensoriaformosa.gob.ar\/index.php?rest_route=%2Fwp%2Fv2%2Fcategories&post=3758"},{"taxonomy":"post_tag","embeddable":true,"href":"https:\/\/defensoriaformosa.gob.ar\/index.php?rest_route=%2Fwp%2Fv2%2Ftags&post=3758"}],"curies":[{"name":"wp","href":"https:\/\/api.w.org\/{rel}","templated":true}]}}