{"id":3752,"date":"2016-08-17T16:47:43","date_gmt":"2016-08-17T19:47:43","guid":{"rendered":"http:\/\/2015.defensoriaformosa.gob.ar\/?p=3752"},"modified":"2016-08-17T16:47:43","modified_gmt":"2016-08-17T19:47:43","slug":"para-la-defensoria-del-pueblo-la-corte-suprema-de-justicia-llamara-a-audiencias-publicas-y-no-convalidara-los-tarifazos","status":"publish","type":"post","link":"https:\/\/defensoriaformosa.gob.ar\/?p=3752","title":{"rendered":"PARA LA DEFENSORIA DEL PUEBLO LA CORTE SUPREMA DE JUSTICIA LLAMARA A AUDIENCIAS PUBLICAS Y NO CONVALIDARA LOS TARIFAZOS"},"content":{"rendered":"<p style=\"text-align: justify;\"><strong>Desde la Defensor\u00eda del Pueblo de la Provincia de Formosa luego de la sesi\u00f3n especial que se llevara a cabo en el Congreso de la Naci\u00f3n y donde el actual Ministro de Energ\u00eda y Miner\u00eda, Juan Jos\u00e9 Aranguren, defendiera el tarifazo de la energ\u00eda el\u00e9ctrica y del gas en todo el pa\u00eds, discuti\u00e9ndose una serie de cuestiones que no ayudar\u00e1n a los usuarios \u00a0y ahora con el Dictamen de la Procuradora General Alejandra Gils Carb\u00f3 quien se pronuncio a favor de mantener suspendidos los aumentos en las tarifas hasta tanto se realicen las Audiencias P\u00fablicas dispuestas por Ley, restar\u00eda que se expida la Corte Suprema de la Naci\u00f3n.<\/strong><\/p>\n<p style=\"text-align: justify;\"><!--more--><\/p>\n<p style=\"text-align: justify;\">El Ombudsman Provincial, Dr. Jos\u00e9 Leonardo Gialluca, se\u00f1alo que la incertidumbre originada entre los usuarios residenciales, comerciales y adem\u00e1s en las PyMES y tambi\u00e9n en las distribuidoras energ\u00e9ticas, es\u00a0 responsabilidad exclusiva del Gobierno Nacional. El rol del Estado en la actualidad se asemeja exclusivamente a un sujeto econ\u00f3mico y el mismo no es una empresa, por ello debemos insistir y exigir que el Estado Nacional cumpla con su verdadera funci\u00f3n de Ordenador Social\u00a0 y en el tema tarifario al no desempe\u00f1ar acabadamente sus obligaciones se dan las improvisaciones y marchas mas contramarchas causando fuertes y graves perjuicios econ\u00f3micos desde hace meses a todos los usuarios, PyMES y a los productores de bienes y servicios .<\/p>\n<p style=\"text-align: justify;\">Considero el Funcionario que la Corte Suprema tiene ahora adem\u00e1s de un problema de ilegalidad, un problema de legitimidad; puesto que el tarifazo no solamente es ilegitimo porque es impagable para muchas franjas sociales, es ilegitimo tambi\u00e9n porque debe resolverse sobre servicios p\u00fablicos esenciales, esto es el acceso a la energ\u00eda, al gas que tambi\u00e9n hacen al respeto de Derechos Humanos Primordiales reconocidos por Tratados Internacionales que ha firmado y adherido la Argentina y se encuentran vigentes.<\/p>\n<p style=\"text-align: justify;\">Por otra parte afirmo que si una pol\u00edtica p\u00fablica es conveniente o no para los usuarios, excede el \u00e1mbito de la revisi\u00f3n judicial que har\u00e1 la Corte Suprema y en este contexto, \u201cadelant\u00f3 que el Tribunal seguramente obligara al Gobierno Nacional a cumplir con la Constituci\u00f3n Nacional, Art N\u00ba 42 , con la Ley de Creaci\u00f3n del ENRE, con los Derechos Econ\u00f3micos, Sociales y Pol\u00edticos y \u00a0con los Tratados Internacionales,\u00a0 por ello los usuarios tendremos Audiencias P\u00fablicas y de las mismas surgir\u00e1n los precios que debamos pagar por la energ\u00eda el\u00e9ctrica o por el gas , pero siempre teniendo en cuenta las condiciones clim\u00e1ticas , de ingresos y culturales de cada regi\u00f3n del pa\u00eds, que es tan amplia y por ello nadie en su sano juicio y apego a la Ley podr\u00eda desconocer lo antes mencionado.<\/p>\n<p style=\"text-align: justify;\">\n","protected":false},"excerpt":{"rendered":"<p>Desde la Defensor\u00eda del Pueblo de la Provincia de Formosa luego de la sesi\u00f3n especial que se llevara a cabo en el Congreso de la Naci\u00f3n y donde el actual Ministro de Energ\u00eda y Miner\u00eda, Juan Jos\u00e9 Aranguren, defendiera el tarifazo de la energ\u00eda el\u00e9ctrica y del gas en todo el pa\u00eds, discuti\u00e9ndose una serie [&hellip;]<\/p>\n","protected":false},"author":1,"featured_media":3497,"comment_status":"closed","ping_status":"closed","sticky":false,"template":"","format":"standard","meta":{"footnotes":""},"categories":[1],"tags":[],"class_list":["post-3752","post","type-post","status-publish","format-standard","has-post-thumbnail","hentry","category-noticias"],"_links":{"self":[{"href":"https:\/\/defensoriaformosa.gob.ar\/index.php?rest_route=\/wp\/v2\/posts\/3752","targetHints":{"allow":["GET"]}}],"collection":[{"href":"https:\/\/defensoriaformosa.gob.ar\/index.php?rest_route=\/wp\/v2\/posts"}],"about":[{"href":"https:\/\/defensoriaformosa.gob.ar\/index.php?rest_route=\/wp\/v2\/types\/post"}],"author":[{"embeddable":true,"href":"https:\/\/defensoriaformosa.gob.ar\/index.php?rest_route=\/wp\/v2\/users\/1"}],"replies":[{"embeddable":true,"href":"https:\/\/defensoriaformosa.gob.ar\/index.php?rest_route=%2Fwp%2Fv2%2Fcomments&post=3752"}],"version-history":[{"count":2,"href":"https:\/\/defensoriaformosa.gob.ar\/index.php?rest_route=\/wp\/v2\/posts\/3752\/revisions"}],"predecessor-version":[{"id":3754,"href":"https:\/\/defensoriaformosa.gob.ar\/index.php?rest_route=\/wp\/v2\/posts\/3752\/revisions\/3754"}],"wp:featuredmedia":[{"embeddable":true,"href":"https:\/\/defensoriaformosa.gob.ar\/index.php?rest_route=\/wp\/v2\/media\/3497"}],"wp:attachment":[{"href":"https:\/\/defensoriaformosa.gob.ar\/index.php?rest_route=%2Fwp%2Fv2%2Fmedia&parent=3752"}],"wp:term":[{"taxonomy":"category","embeddable":true,"href":"https:\/\/defensoriaformosa.gob.ar\/index.php?rest_route=%2Fwp%2Fv2%2Fcategories&post=3752"},{"taxonomy":"post_tag","embeddable":true,"href":"https:\/\/defensoriaformosa.gob.ar\/index.php?rest_route=%2Fwp%2Fv2%2Ftags&post=3752"}],"curies":[{"name":"wp","href":"https:\/\/api.w.org\/{rel}","templated":true}]}}