{"id":3748,"date":"2016-08-16T23:41:57","date_gmt":"2016-08-17T02:41:57","guid":{"rendered":"http:\/\/2015.defensoriaformosa.gob.ar\/?p=3748"},"modified":"2016-08-16T23:41:57","modified_gmt":"2016-08-17T02:41:57","slug":"propuso-la-defensoria-que-los-aumentos-de-luz-vayan-atados-a-los-ingresos-de-los-usuarios-o-al-salario-minimo-vital-y-movil","status":"publish","type":"post","link":"https:\/\/defensoriaformosa.gob.ar\/?p=3748","title":{"rendered":"PROPUSO LA DEFENSORIA QUE LOS AUMENTOS DE LUZ VAYAN ATADOS A LOS INGRESOS DE LOS USUARIOS O AL SALARIO MINIMO VITAL Y MOVIL"},"content":{"rendered":"<p style=\"text-align: justify;\"><strong>Desde la -Direcci\u00f3n de Servicios P\u00fablicos, Prestaciones, Bienes y Servicios-, de la Defensor\u00eda del Pueblo de la Provincia de Formosa, y siempre exigiendo al Gobierno Nacional que cumpla de una vez por todas con lo prescripto por la Constituci\u00f3n Nacional y las leyes dictadas en consecuencia, esto es en relaci\u00f3n a los aumentos desmesurados e infundados del precio de la energ\u00eda el\u00e9ctrica autorizados oportunamente para Regiones como el NEA, electrodependientes y sin gas por redes, se le requiri\u00f3 formalmente al Presidente de la Naci\u00f3n, Mauricio Macri y al Ministro de Energ\u00eda y Miner\u00eda, que en primer t\u00e9rmino no se olviden que el acceso a la energ\u00eda el\u00e9ctrica, al agua , al gas seg\u00fan las Regiones del Pa\u00eds, son Derechos Humanos\u00a0 esenciales y de los cuales no podemos ser privados por el Estado Nacional y as\u00ed tambi\u00e9n lo reconoce la Organizaci\u00f3n de las Naciones Unidas- ONU-.<\/strong><\/p>\n<p style=\"text-align: justify;\"><!--more--><\/p>\n<p style=\"text-align: justify;\">En esta misma l\u00ednea de razonamiento el Ombudsman Provincial, Dr. Jos\u00e9 Leonardo Gialluca expreso que son muchos los que se cierran a una sola soluci\u00f3n que es la de aumentar las tarifas tal como est\u00e1n en este momento o buscar que la Corte Suprema de Justicia de la Naci\u00f3n dicte un fallo y convalide estos incrementos desmesurados e irregulares. Por ello debemos ser m\u00e1s creativos y utilizar tambi\u00e9n , \u201cpropuestas innovadoras\u201d, como podr\u00eda ser que las tarifas se incrementen teniendo en cuenta las variaciones del salario m\u00ednimo vital y m\u00f3vil, o aumentarlas conforme los- ingresos reales &#8211; que tienen actualmente las distintas franjas sociales de nuestro Pa\u00eds, respetando siempre criterios de progresividad y gradualidad, de manera que de ah\u00ed en adelante, se establezca una pol\u00edtica p\u00fablica energ\u00e9tica, competitiva y no monop\u00f3lica como posee la Argentina actualmente. \u00bfPodr\u00edamos acaso negarles el acceso a la energ\u00eda el\u00e9ctrica o al agua a personas desocupadas?, este y otros interrogantes son los que debemos todos tener en cuenta al momento de revisar el precio o valor de las tarifas de los servicios p\u00fablicos esenciales.<\/p>\n<p style=\"text-align: justify;\">Gialluca expreso que, los usuarios y consumidores necesitamos urgentemente precisiones, claridad y certeza , pues hoy en esta materia reina la incertidumbre y a ello debemos sumarle que el propio Gobierno Nacional aparece dividido , pues hay funcionarios que sugieren una cosa y otros lo totalmente inverso, con lo cual\u00a0 no solamente no se tiene en cuenta la disminuci\u00f3n de los ingresos de los asalariados p\u00fablicos y privados que se han visto disminuidos, producto de la devaluaci\u00f3n y la inflaci\u00f3n, siendo que esta \u00faltima ha colocado en lugares inalcanzables a los mism\u00edsimos productos de la Canasta B\u00e1sica Alimentaria.<\/p>\n<p style=\"text-align: justify;\">\n","protected":false},"excerpt":{"rendered":"<p>Desde la -Direcci\u00f3n de Servicios P\u00fablicos, Prestaciones, Bienes y Servicios-, de la Defensor\u00eda del Pueblo de la Provincia de Formosa, y siempre exigiendo al Gobierno Nacional que cumpla de una vez por todas con lo prescripto por la Constituci\u00f3n Nacional y las leyes dictadas en consecuencia, esto es en relaci\u00f3n a los aumentos desmesurados e [&hellip;]<\/p>\n","protected":false},"author":1,"featured_media":2577,"comment_status":"closed","ping_status":"closed","sticky":false,"template":"","format":"standard","meta":{"footnotes":""},"categories":[1,3],"tags":[],"class_list":["post-3748","post","type-post","status-publish","format-standard","has-post-thumbnail","hentry","category-noticias","category-defensa-de-los-derechos-del-usuario-consumidor-contribuyentes"],"_links":{"self":[{"href":"https:\/\/defensoriaformosa.gob.ar\/index.php?rest_route=\/wp\/v2\/posts\/3748","targetHints":{"allow":["GET"]}}],"collection":[{"href":"https:\/\/defensoriaformosa.gob.ar\/index.php?rest_route=\/wp\/v2\/posts"}],"about":[{"href":"https:\/\/defensoriaformosa.gob.ar\/index.php?rest_route=\/wp\/v2\/types\/post"}],"author":[{"embeddable":true,"href":"https:\/\/defensoriaformosa.gob.ar\/index.php?rest_route=\/wp\/v2\/users\/1"}],"replies":[{"embeddable":true,"href":"https:\/\/defensoriaformosa.gob.ar\/index.php?rest_route=%2Fwp%2Fv2%2Fcomments&post=3748"}],"version-history":[{"count":1,"href":"https:\/\/defensoriaformosa.gob.ar\/index.php?rest_route=\/wp\/v2\/posts\/3748\/revisions"}],"predecessor-version":[{"id":3749,"href":"https:\/\/defensoriaformosa.gob.ar\/index.php?rest_route=\/wp\/v2\/posts\/3748\/revisions\/3749"}],"wp:featuredmedia":[{"embeddable":true,"href":"https:\/\/defensoriaformosa.gob.ar\/index.php?rest_route=\/wp\/v2\/media\/2577"}],"wp:attachment":[{"href":"https:\/\/defensoriaformosa.gob.ar\/index.php?rest_route=%2Fwp%2Fv2%2Fmedia&parent=3748"}],"wp:term":[{"taxonomy":"category","embeddable":true,"href":"https:\/\/defensoriaformosa.gob.ar\/index.php?rest_route=%2Fwp%2Fv2%2Fcategories&post=3748"},{"taxonomy":"post_tag","embeddable":true,"href":"https:\/\/defensoriaformosa.gob.ar\/index.php?rest_route=%2Fwp%2Fv2%2Ftags&post=3748"}],"curies":[{"name":"wp","href":"https:\/\/api.w.org\/{rel}","templated":true}]}}