{"id":3746,"date":"2016-08-16T23:40:08","date_gmt":"2016-08-17T02:40:08","guid":{"rendered":"http:\/\/2015.defensoriaformosa.gob.ar\/?p=3746"},"modified":"2016-08-16T23:40:08","modified_gmt":"2016-08-17T02:40:08","slug":"desde-la-defensoria-afirman-que-los-colectivos-deben-parar-en-la-esquina-que-se-lo-pidan-embarazadas-y-personas-con-discapacidad","status":"publish","type":"post","link":"https:\/\/defensoriaformosa.gob.ar\/?p=3746","title":{"rendered":"DESDE LA DEFENSOR\u00cdA AFIRMAN QUE LOS COLECTIVOS DEBEN PARAR EN LA ESQUINA QUE SE LO PIDAN EMBARAZADAS Y PERSONAS CON DISCAPACIDAD"},"content":{"rendered":"<p style=\"text-align: justify;\"><strong>Desde la Direcci\u00f3n de Derechos Humanos y\u00a0Grupos Minoritarios, Discriminaci\u00f3n, Xenofobia, Trata de Personas\u00a0y Discapacidad, de la\u00a0Defensor\u00eda\u00a0del Pueblo, sostienen que la norma, establecida por la Ley Nacional N\u00ba 24.449, no se cumple en la Provincia, mayormente por desconocimiento de los destinatarios. <\/strong><\/p>\n<p style=\"text-align: justify;\"><!--more--><\/p>\n<p style=\"text-align: justify;\">Asimismo, se afirma que el beneficio para los usuarios del transporte p\u00fablico de pasajeros con movilidad reducida, puede ser solicitado tambi\u00e9n por cualquier persona entre las 22 y las 6 horas del d\u00eda siguiente y durante una tormenta o lluvia. Con relaci\u00f3n al particular, la Defensora del Pueblo Adjunta de la Provincia, Sylvina Portillo, remarc\u00f3 que los vecinos, adem\u00e1s del derecho de exigir el cumplimiento de las frecuencias, unidades en condiciones y fundamentalmente trato digno de los choferes y autoridades de la empresa prestataria del servicio de transporte p\u00fablico de pasajeros, pueden exigir que el chofer pare en una esquina que no es parada, en caso de tratarse de embarazadas o personas con discapacidad, todo el d\u00eda y, cualquier persona puede hacerlo, en horarios nocturnos o frente a una gran inclemencia del tiempo.<\/p>\n<p style=\"text-align: justify;\">La funcionaria, subray\u00f3 adem\u00e1s que los usuarios y consumidores gozamos de una gran cantidad de derechos de los cuales no se hace ejercicio y eso, genera, por un lado, que los obligados consideren que no deben cumplirlos, sin perjuicio que llevan a que queden en desuso importantes reivindicaciones sociales ganadas en los \u00faltimos tiempos. Es por ello que inst\u00f3 a toda persona que se halle en condiciones de hacer uso del beneficio indicado a que lo haga cumplir, a quienes les cabe hacerlo y en caso de incumplimientos los denuncien a la Defensor\u00eda del Pueblo de la Provincia, sito en Padre Pati\u00f1o N\u00ba 831, de esta ciudad capital, desde cualquier punto de la provincia, telef\u00f3nicamente a 3704\/436379-436320, v\u00eda WEB a <a href=\"mailto:denuncia@formosa.gov.ar\">denuncia@formosa.gov.ar<\/a>, a la Subsecretar\u00eda de Transporte y Emergencia de la Municipalidad de la Ciudad de Formosa, a cargo del Dr. Fabi\u00e1n C\u00e1ceres, indicando, en lo posible, hora, lugar, n\u00famero de l\u00ednea e interno y destino del viaje a los efectos de poder identificar al ch\u00f3fer involucrado en esa infracci\u00f3n y solicitar la aplicaci\u00f3n de las sanciones correspondientes.-<\/p>\n","protected":false},"excerpt":{"rendered":"<p>Desde la Direcci\u00f3n de Derechos Humanos y\u00a0Grupos Minoritarios, Discriminaci\u00f3n, Xenofobia, Trata de Personas\u00a0y Discapacidad, de la\u00a0Defensor\u00eda\u00a0del Pueblo, sostienen que la norma, establecida por la Ley Nacional N\u00ba 24.449, no se cumple en la Provincia, mayormente por desconocimiento de los destinatarios.<\/p>\n","protected":false},"author":1,"featured_media":3173,"comment_status":"closed","ping_status":"closed","sticky":false,"template":"","format":"standard","meta":{"footnotes":""},"categories":[4,1,6,7],"tags":[],"class_list":["post-3746","post","type-post","status-publish","format-standard","has-post-thumbnail","hentry","category-ddhh","category-noticias","category-salud","category-seguridad-vial"],"_links":{"self":[{"href":"https:\/\/defensoriaformosa.gob.ar\/index.php?rest_route=\/wp\/v2\/posts\/3746","targetHints":{"allow":["GET"]}}],"collection":[{"href":"https:\/\/defensoriaformosa.gob.ar\/index.php?rest_route=\/wp\/v2\/posts"}],"about":[{"href":"https:\/\/defensoriaformosa.gob.ar\/index.php?rest_route=\/wp\/v2\/types\/post"}],"author":[{"embeddable":true,"href":"https:\/\/defensoriaformosa.gob.ar\/index.php?rest_route=\/wp\/v2\/users\/1"}],"replies":[{"embeddable":true,"href":"https:\/\/defensoriaformosa.gob.ar\/index.php?rest_route=%2Fwp%2Fv2%2Fcomments&post=3746"}],"version-history":[{"count":1,"href":"https:\/\/defensoriaformosa.gob.ar\/index.php?rest_route=\/wp\/v2\/posts\/3746\/revisions"}],"predecessor-version":[{"id":3747,"href":"https:\/\/defensoriaformosa.gob.ar\/index.php?rest_route=\/wp\/v2\/posts\/3746\/revisions\/3747"}],"wp:featuredmedia":[{"embeddable":true,"href":"https:\/\/defensoriaformosa.gob.ar\/index.php?rest_route=\/wp\/v2\/media\/3173"}],"wp:attachment":[{"href":"https:\/\/defensoriaformosa.gob.ar\/index.php?rest_route=%2Fwp%2Fv2%2Fmedia&parent=3746"}],"wp:term":[{"taxonomy":"category","embeddable":true,"href":"https:\/\/defensoriaformosa.gob.ar\/index.php?rest_route=%2Fwp%2Fv2%2Fcategories&post=3746"},{"taxonomy":"post_tag","embeddable":true,"href":"https:\/\/defensoriaformosa.gob.ar\/index.php?rest_route=%2Fwp%2Fv2%2Ftags&post=3746"}],"curies":[{"name":"wp","href":"https:\/\/api.w.org\/{rel}","templated":true}]}}