{"id":3734,"date":"2016-08-15T19:13:40","date_gmt":"2016-08-15T22:13:40","guid":{"rendered":"http:\/\/2015.defensoriaformosa.gob.ar\/?p=3734"},"modified":"2016-08-15T19:13:40","modified_gmt":"2016-08-15T22:13:40","slug":"la-defensoria-del-pueblo-repudio-los-dichos-de-cordera-y-los-hechos-de-violencia-contra-el-presidente-mauricio-macri","status":"publish","type":"post","link":"https:\/\/defensoriaformosa.gob.ar\/?p=3734","title":{"rendered":"LA DEFENSORIA DEL PUEBLO REPUDIO LOS DICHOS DE CORDERA Y LOS HECHOS DE VIOLENCIA CONTRA EL PRESIDENTE MAURICIO MACRI"},"content":{"rendered":"<p style=\"text-align: justify;\"><strong>La \u2013 Direcci\u00f3n de Derechos Humanos y Grupos Minoritarios \u2013 Discriminaci\u00f3n- Xenofobia- Trata de Personas\u00a0 &#8211; Discapacidad- de la Defensor\u00eda del Pueblo de la Provincia de Formosa repudio en\u00e9rgicamente las declaraciones formuladas por el m\u00fasico Gustavo Cordera con motivo de la entrevista grupal que le realizaron estudiantes de la escuela de periodismo Tea Arte.<\/strong><\/p>\n<p style=\"text-align: justify;\"><!--more--><\/p>\n<p style=\"text-align: justify;\">Los dichos de Gustavo Cordera son violatorios de los derechos humanos de las mujeres. Denigran su condici\u00f3n sexual, y por otro lado, desconocen que la relaci\u00f3n sexual con una adolescente por parte de un adulto es un delito tipificado en el C\u00f3digo Penal.<\/p>\n<p style=\"text-align: justify;\">Es lamentable que un referente de la cultura popular que ha sido autor de letras con profundo contenido social desconozca la dimensi\u00f3n de los derechos humanos de las mujeres y de los ni\u00f1os y ni\u00f1as.<\/p>\n<p style=\"text-align: justify;\">M\u00e1s all\u00e1 de los aspectos legales, no cabe duda que ser\u00eda importante que, habida cuenta de la gravedad de las expresiones utilizadas y el impacto negativo que ello genera en la opini\u00f3n p\u00fablica, rectifique lo dicho y pida excusas por sus palabras. Por otra parte, esas expresiones constituyen una ofensa a las mujeres y a la poblaci\u00f3n en general.<\/p>\n<p style=\"text-align: justify;\">Cuando las declaraciones del ex l\u00edder de Bersuit Vergarabat tomaron estado p\u00fablico, el m\u00fasico se defendi\u00f3 diciendo que \u201cfue descontextualizado\u201d y que lo dijo en el marco de un ejercicio de psicodrama. Sin embargo la Defensor\u00eda del pueblo entiende que no podemos dejar pasar por alto este tipo de manifestaciones, y adem\u00e1s conjuntamente con la Delegaci\u00f3n de la Defensor\u00eda del Pueblo de Naci\u00f3n en Formosa, \u201cas\u00ed como repudiamos la postura del Presidente Mauricio Macri en cuanto a su grave posici\u00f3n en contra de los desaparecidos y sus familiares, tambi\u00e9n condenamos todo tipo de violencia, contra el Primer Mandatario ya que nada de estos hechos ayudan a que podamos continuar construyendo m\u00e1s democracia en un Estado de Derecho, dentro del cual, debemos respetarnos y poder disentir, pero sin ning\u00fan clase de violencia\u201d.<\/p>\n","protected":false},"excerpt":{"rendered":"<p>La \u2013 Direcci\u00f3n de Derechos Humanos y Grupos Minoritarios \u2013 Discriminaci\u00f3n- Xenofobia- Trata de Personas\u00a0 &#8211; Discapacidad- de la Defensor\u00eda del Pueblo de la Provincia de Formosa repudio en\u00e9rgicamente las declaraciones formuladas por el m\u00fasico Gustavo Cordera con motivo de la entrevista grupal que le realizaron estudiantes de la escuela de periodismo Tea Arte.<\/p>\n","protected":false},"author":1,"featured_media":2954,"comment_status":"closed","ping_status":"closed","sticky":false,"template":"","format":"standard","meta":{"footnotes":""},"categories":[1],"tags":[],"class_list":["post-3734","post","type-post","status-publish","format-standard","has-post-thumbnail","hentry","category-noticias"],"_links":{"self":[{"href":"https:\/\/defensoriaformosa.gob.ar\/index.php?rest_route=\/wp\/v2\/posts\/3734","targetHints":{"allow":["GET"]}}],"collection":[{"href":"https:\/\/defensoriaformosa.gob.ar\/index.php?rest_route=\/wp\/v2\/posts"}],"about":[{"href":"https:\/\/defensoriaformosa.gob.ar\/index.php?rest_route=\/wp\/v2\/types\/post"}],"author":[{"embeddable":true,"href":"https:\/\/defensoriaformosa.gob.ar\/index.php?rest_route=\/wp\/v2\/users\/1"}],"replies":[{"embeddable":true,"href":"https:\/\/defensoriaformosa.gob.ar\/index.php?rest_route=%2Fwp%2Fv2%2Fcomments&post=3734"}],"version-history":[{"count":1,"href":"https:\/\/defensoriaformosa.gob.ar\/index.php?rest_route=\/wp\/v2\/posts\/3734\/revisions"}],"predecessor-version":[{"id":3735,"href":"https:\/\/defensoriaformosa.gob.ar\/index.php?rest_route=\/wp\/v2\/posts\/3734\/revisions\/3735"}],"wp:featuredmedia":[{"embeddable":true,"href":"https:\/\/defensoriaformosa.gob.ar\/index.php?rest_route=\/wp\/v2\/media\/2954"}],"wp:attachment":[{"href":"https:\/\/defensoriaformosa.gob.ar\/index.php?rest_route=%2Fwp%2Fv2%2Fmedia&parent=3734"}],"wp:term":[{"taxonomy":"category","embeddable":true,"href":"https:\/\/defensoriaformosa.gob.ar\/index.php?rest_route=%2Fwp%2Fv2%2Fcategories&post=3734"},{"taxonomy":"post_tag","embeddable":true,"href":"https:\/\/defensoriaformosa.gob.ar\/index.php?rest_route=%2Fwp%2Fv2%2Ftags&post=3734"}],"curies":[{"name":"wp","href":"https:\/\/api.w.org\/{rel}","templated":true}]}}