{"id":3731,"date":"2016-08-15T19:12:22","date_gmt":"2016-08-15T22:12:22","guid":{"rendered":"http:\/\/2015.defensoriaformosa.gob.ar\/?p=3731"},"modified":"2016-08-15T19:12:22","modified_gmt":"2016-08-15T22:12:22","slug":"la-defensoria-del-pueblo-reclamo-al-banco-hipotecario-atienda-la-situacion-de-los-ciudadanos-que-fueron-sorteados-y-ya-son-adjudicatarios-del-prestamo-pues-desde-el-12-de-julio-junto-a-la-anses-no-es","status":"publish","type":"post","link":"https:\/\/defensoriaformosa.gob.ar\/?p=3731","title":{"rendered":"LA DEFENSORIA DEL PUEBLO RECLAMO AL BANCO HIPOTECARIO ATIENDA LA SITUACI\u00d3N DE LOS CIUDADANOS QUE FUERON SORTEADOS Y YA SON ADJUDICATARIOS DEL PR\u00c9STAMO, PUES DESDE EL 12 DE JULIO JUNTO A LA ANSES NO EST\u00c1N RECIBIENDO NUEVOS TRAMITES Y LES HACEN PERDER LA POSIBILIDAD DE ACCEDER AL CREDITO"},"content":{"rendered":"<p style=\"text-align: justify;\"><strong>La eliminaci\u00f3n de la l\u00ednea crediticia Procrear Bicentenario, que afecta a miles de beneficiarios de todo el pa\u00eds, motiv\u00f3 la intervenci\u00f3n de los defensores del Pueblo de la Rep\u00fablica Argentina nucleados en ADPRA, que resolvieron reclamar ante el Banco Hipotecario una \u00abinmediata soluci\u00f3n\u00bb.<\/strong><\/p>\n<p style=\"text-align: justify;\"><!--more--><br \/>\nEn rigor, el planteo de los defensores reunidos en el segundo plenario anual de la organizaci\u00f3n, en la ciudad de Corrientes, apunta a que las autoridades del Banco \u00abatiendan la situaci\u00f3n de aquellos aspirantes que salieron sorteados y ya son adjudicatarios del pr\u00e9stamo\u00bb.<br \/>\nLa discusi\u00f3n del tema, apunta a resolver la situaci\u00f3n de \u00abvac\u00edo\u00bb que enfrentan las personas que obtuvieron el cr\u00e9dito y que arrancan por estos d\u00edas el proceso de presentaci\u00f3n de carpetas en la entidad financiera.<br \/>\nSe sabe que a partir del 12 de julio, el Banco Hipotecario y la ANSES no reciben nuevos tr\u00e1mites del Procrear a beneficiarios sorteados, por lo que \u00abpierden la posibilidad de acceder al cr\u00e9dito\u00bb, establecieron los defensores.<br \/>\nel Ombudsman Provincial por Formosa conjuntamente con el Representante de la Defensor\u00eda del Pueblo de Naci\u00f3n de nuestra jurisdicci\u00f3n Dr. Julio N\u00e9stor Santander propusieron que se modifique el nuevo modo de actualizaci\u00f3n de las cuotas del programa procrear ya que de la forma que lo ha establecido en Gobierno Nacional, est\u00e1 afectando a miles de formose\u00f1os y argentinos y por otra parte se requiri\u00f3 tambi\u00e9n que este plan vuelva a sus fuentes, pues hoy solamente permite comprar viviendas ya terminadas, \u201ccon lo cual los \u00fanicos beneficiarios reales son las C\u00e1maras de la Construcci\u00f3n y las Inmobiliarias, perjudic\u00e1ndose gravemente a quienes quieren y necesitan hacer una ampliaci\u00f3n en su vivienda\u201d\u00a0 .<\/p>\n","protected":false},"excerpt":{"rendered":"<p>La eliminaci\u00f3n de la l\u00ednea crediticia Procrear Bicentenario, que afecta a miles de beneficiarios de todo el pa\u00eds, motiv\u00f3 la intervenci\u00f3n de los defensores del Pueblo de la Rep\u00fablica Argentina nucleados en ADPRA, que resolvieron reclamar ante el Banco Hipotecario una \u00abinmediata soluci\u00f3n\u00bb.<\/p>\n","protected":false},"author":1,"featured_media":3732,"comment_status":"closed","ping_status":"closed","sticky":false,"template":"","format":"standard","meta":{"footnotes":""},"categories":[1,3],"tags":[],"class_list":["post-3731","post","type-post","status-publish","format-standard","has-post-thumbnail","hentry","category-noticias","category-defensa-de-los-derechos-del-usuario-consumidor-contribuyentes"],"_links":{"self":[{"href":"https:\/\/defensoriaformosa.gob.ar\/index.php?rest_route=\/wp\/v2\/posts\/3731","targetHints":{"allow":["GET"]}}],"collection":[{"href":"https:\/\/defensoriaformosa.gob.ar\/index.php?rest_route=\/wp\/v2\/posts"}],"about":[{"href":"https:\/\/defensoriaformosa.gob.ar\/index.php?rest_route=\/wp\/v2\/types\/post"}],"author":[{"embeddable":true,"href":"https:\/\/defensoriaformosa.gob.ar\/index.php?rest_route=\/wp\/v2\/users\/1"}],"replies":[{"embeddable":true,"href":"https:\/\/defensoriaformosa.gob.ar\/index.php?rest_route=%2Fwp%2Fv2%2Fcomments&post=3731"}],"version-history":[{"count":1,"href":"https:\/\/defensoriaformosa.gob.ar\/index.php?rest_route=\/wp\/v2\/posts\/3731\/revisions"}],"predecessor-version":[{"id":3733,"href":"https:\/\/defensoriaformosa.gob.ar\/index.php?rest_route=\/wp\/v2\/posts\/3731\/revisions\/3733"}],"wp:featuredmedia":[{"embeddable":true,"href":"https:\/\/defensoriaformosa.gob.ar\/index.php?rest_route=\/wp\/v2\/media\/3732"}],"wp:attachment":[{"href":"https:\/\/defensoriaformosa.gob.ar\/index.php?rest_route=%2Fwp%2Fv2%2Fmedia&parent=3731"}],"wp:term":[{"taxonomy":"category","embeddable":true,"href":"https:\/\/defensoriaformosa.gob.ar\/index.php?rest_route=%2Fwp%2Fv2%2Fcategories&post=3731"},{"taxonomy":"post_tag","embeddable":true,"href":"https:\/\/defensoriaformosa.gob.ar\/index.php?rest_route=%2Fwp%2Fv2%2Ftags&post=3731"}],"curies":[{"name":"wp","href":"https:\/\/api.w.org\/{rel}","templated":true}]}}