{"id":373,"date":"2015-01-29T20:49:02","date_gmt":"2015-01-29T23:49:02","guid":{"rendered":"http:\/\/2015.defensoriaformosa.gob.ar\/?p=373"},"modified":"2015-01-29T20:50:59","modified_gmt":"2015-01-29T23:50:59","slug":"la-defensoria-del-pueblo-afirmo-que-felix-diaz-rechaza-soluciones-a-traves-del-dialogo-y-pretende-someter-a-sus-seguidores-ademas-de-buscar-evidentemente-un-nuevo-enfrentamiento-entre-formosenos","status":"publish","type":"post","link":"https:\/\/defensoriaformosa.gob.ar\/?p=373","title":{"rendered":"LA DEFENSORIA DEL PUEBLO AFIRMO QUE FELIX DIAZ RECHAZA SOLUCIONES A TRAV\u00c9S DEL DIALOGO Y PRETENDE SOMETER A SUS SEGUIDORES, ADEM\u00c1S DE BUSCAR EVIDENTEMENTE UN NUEVO ENFRENTAMIENTO ENTRE FORMOSE\u00d1OS"},"content":{"rendered":"<p style=\"text-align: justify;\"><strong>Desde el inicio, del ilegal y da\u00f1ino corte de la Ruta Nacional N\u00ba86 a la altura de la Colonia La Primavera y que es llevada adelante por un \u201cmin\u00fasculo grupos de originarios dirigidos por F\u00e9lix D\u00edaz y por el Sr. H\u00e9ctor Alonso, quienes anteponiendo sus intereses particulares y pol\u00edticos, no solamente \u2013 contin\u00faan dividiendo a su propia Comunidad, sino que tambi\u00e9n ahora, la privan de acceder a beneficios sociales, sanitarios, econ\u00f3micos y otros- , arri\u00e1ndolos hacia la traza de la Ruta N\u00ba 86, y exponiendo a mujeres, adultos mayores y menores de edad a las duras inclemencias del tiempo en esta \u00e9poca del a\u00f1o y lo m\u00e1s grave, haci\u00e9ndolos incurrir en un delito federal, castigado por nuestro C\u00f3digo Penal y en el cual quedaran todos imputados.<\/strong><\/p>\n<p style=\"text-align: justify;\"><!--more--><\/p>\n<p style=\"text-align: justify;\">El Ombudsman Provincial Dr. Jos\u00e9 Leonado Gialluca, se reuni\u00f3 en el d\u00eda de ayer con las personas antes citadas y les dejo pruebas documentadas con los cargos correspondientes de todas las Actuaciones que realizo la Defensor\u00eda del Pueblo, respondiendo a las peticiones de: mejorar \u00edntegramente todos los accesos y caminos vecinales a La Comunidad la Primavera, relevar y construir las viviendas a aquellas familias que pudieran haber quedado afuera del \u00faltimo censo, denuncia presentada contra la Cooperativa de Provisi\u00f3n de Energ\u00eda El\u00e9ctrica Rural, para que en el menor tiempo material posible- tienda redes de distribuci\u00f3n nuevas y mejore las existentes, como as\u00ed tambi\u00e9n les ofreci\u00f3, &#8211; hacerles proporcionar toda la informaci\u00f3n respecto de los puntos antes nombrados, sino que tambi\u00e9n incluyo a pedido de los mismos, presentar la Memoria Descriptiva y los Aspectos Constructivo del Centro de Salud La Primavera que va a contar con una superficie cubierta de m\u00e1s de 580 m2 que va poseer adem\u00e1s, una Superficie Intervenida de 3500 m2 con sectores administrativos, sector de consultorios externos, sector de emergencias, consultorio general, toco ginecol\u00f3gico, odontol\u00f3gico, pedi\u00e1trico, farmacia, sala de pre internaci\u00f3n con sanitarios privados , enfermer\u00eda, estacionamientos de ambulancias y otros beneficios para todos los habitantes de la zona y especialmente para los de La Colonia La primavera.<\/p>\n<p style=\"text-align: justify;\">Desde la Defensor\u00eda del Pueblo, se informo tambi\u00e9n, que en el d\u00eda de ayer el Ministro de Gobierno Trabajo y Justicia Dr. Jorge A. Gonzalez, ofreci\u00f3 al Ombudsman Provincial, que invite a Feliz D\u00edaz, al Sr. H\u00e9ctor Alonso, al Sr. Justo Rafael y a los integrantes de la Comunidad que quisieran venir a nuestra Ciudad, poniendo veh\u00edculos a su entera disposici\u00f3n, \u201cpara tener una reuni\u00f3n ampliada con todos los titulares de los Entes y \u00c1reas del Gobierno Provincial Competentes en la materia objeto de los reclamos y en donde estar\u00edan presentes tambi\u00e9n, T\u00e9cnicos, Ingenieros y dem\u00e1s funcionarios que explicar\u00edan a estos ciudadanos, en forma pormenorizada y documentadamente, todo lo que los, manifestantes quisieran conocer, teniendo la posibilidad adem\u00e1s de intercambiar ideas o conceptos sobre los diferentes emprendimientos\u201d.<\/p>\n<p style=\"text-align: justify;\">El Defensor del Pueblo se\u00f1alo que, esta apertura y espacio de dialogo fue lisa y llanamente rechazada por Felix Diaz, quien \u00fanicamente acepta que la informaci\u00f3n le sea proporcionada a la vera de la Ruta, conducta esta, que el propio Gialluca, considero inentendible, ya que es el propio Felix Diaz, el que apuesta \u00fanicamente, a su acci\u00f3n individualista, llevando al peque\u00f1o grupo que lo sigue, a estar sometido injustamente y sin necesidad a privaciones \u201cque seguramente el y su familias no padecen\u201d. Esta oportunidad de NO RESOLVER ESTE CONFLICTO en el d\u00eda de ayer, tiene un solo responsable y se llama Felix Diaz, el que evidentemente pretende o tiene otros planes o intenciones, pero que no es defender a los suyos.<\/p>\n<p style=\"text-align: justify;\">Asimismo el Defensor, dio a conocer que ayer se presento una denuncia firmada por decenas de vecinos de la Colonia La Primavera quienes reunidos en Asamblea \u201cdenunciaron que Felix Diaz no solamente esta haciendo cortar la Ruta N\u00ba 86 sino que tambi\u00e9n est\u00e1 cortando con alambre los caminos internos de La Comunidad, provocando graves destrozos y perjuicios a todos, por lo que han resuelto tambi\u00e9n elevar la denuncia al Centro de Estudios Legales y Sociales (CELS) a la Defensor\u00eda General de la Naci\u00f3n, al Defensor del Pueblo de la Naci\u00f3n y pedir que el hermano Felix, levante los cortes y deje entrar a las maquinas a arreglar los caminos , por que con este accionar est\u00e1 violando los Derechos Humanos de Toda la Comunidad. La mayor\u00eda de esta, pidi\u00f3 ser escuchada tambi\u00e9n ya que en el d\u00eda de ayer, las propias sobrinas de Felix Diaz, se encargaron de criticar duramente a las manifestaciones y denuncias sin fundamentos que se reproducen a trav\u00e9s de la radio comunitaria del lugar, \u201cpuesto que dijeron las mismas, esto hace que origine divisiones, odios y diferencias, responsabilizando a Felix Diaz y a sus seguidores por la actual situaci\u00f3n en la que deben vivir\u201d. Por \u00faltimo desde el Organismo de la Constituci\u00f3n se se\u00f1alo, que la Instituci\u00f3n seguir\u00e1 haciendo su trabajo para lograr resolver este grave conflicto, en el cual mas all\u00e1 de los intereses personales que mueven permanentemente a Felix Diaz y a otros sectores de la Pol\u00edtica Local y Nacional, \u201cnosotros gestionaremos todo lo que sea necesario para que el corte de Ruta sea levantado pac\u00edficamente y se puedan continuar con todas las obras, en cuya ejecuci\u00f3n existe una plena participaci\u00f3n y decisi\u00f3n libre de todos los ciudadanos de la Colonia La Primavera; puesto que es m\u00e1s que evidente que el Sr. Felix Diaz; \u201cest\u00e1 buscando una nueva desgracia y derramamiento de sangre; para mantener a su Comunidad, aislada y pretendiendo, que se convierta en una Especie de Gueto, sin reglas claras de convivencia, sin democracia, sin garant\u00edas y lo que es peor someterlos a sus caprichosos e inconfesables y maquiav\u00e9licos planes.-<\/p>\n","protected":false},"excerpt":{"rendered":"<p>Desde el inicio, del ilegal y da\u00f1ino corte de la Ruta Nacional N\u00ba86 a la altura de la Colonia La Primavera y que es llevada adelante por un \u201cmin\u00fasculo grupos de originarios dirigidos por F\u00e9lix D\u00edaz y por el Sr. H\u00e9ctor Alonso, quienes anteponiendo sus intereses particulares y pol\u00edticos, no solamente \u2013 contin\u00faan dividiendo a [&hellip;]<\/p>\n","protected":false},"author":1,"featured_media":374,"comment_status":"closed","ping_status":"closed","sticky":false,"template":"","format":"standard","meta":{"footnotes":""},"categories":[1,3],"tags":[],"class_list":["post-373","post","type-post","status-publish","format-standard","has-post-thumbnail","hentry","category-noticias","category-defensa-de-los-derechos-del-usuario-consumidor-contribuyentes"],"_links":{"self":[{"href":"https:\/\/defensoriaformosa.gob.ar\/index.php?rest_route=\/wp\/v2\/posts\/373","targetHints":{"allow":["GET"]}}],"collection":[{"href":"https:\/\/defensoriaformosa.gob.ar\/index.php?rest_route=\/wp\/v2\/posts"}],"about":[{"href":"https:\/\/defensoriaformosa.gob.ar\/index.php?rest_route=\/wp\/v2\/types\/post"}],"author":[{"embeddable":true,"href":"https:\/\/defensoriaformosa.gob.ar\/index.php?rest_route=\/wp\/v2\/users\/1"}],"replies":[{"embeddable":true,"href":"https:\/\/defensoriaformosa.gob.ar\/index.php?rest_route=%2Fwp%2Fv2%2Fcomments&post=373"}],"version-history":[{"count":1,"href":"https:\/\/defensoriaformosa.gob.ar\/index.php?rest_route=\/wp\/v2\/posts\/373\/revisions"}],"predecessor-version":[{"id":375,"href":"https:\/\/defensoriaformosa.gob.ar\/index.php?rest_route=\/wp\/v2\/posts\/373\/revisions\/375"}],"wp:featuredmedia":[{"embeddable":true,"href":"https:\/\/defensoriaformosa.gob.ar\/index.php?rest_route=\/wp\/v2\/media\/374"}],"wp:attachment":[{"href":"https:\/\/defensoriaformosa.gob.ar\/index.php?rest_route=%2Fwp%2Fv2%2Fmedia&parent=373"}],"wp:term":[{"taxonomy":"category","embeddable":true,"href":"https:\/\/defensoriaformosa.gob.ar\/index.php?rest_route=%2Fwp%2Fv2%2Fcategories&post=373"},{"taxonomy":"post_tag","embeddable":true,"href":"https:\/\/defensoriaformosa.gob.ar\/index.php?rest_route=%2Fwp%2Fv2%2Ftags&post=373"}],"curies":[{"name":"wp","href":"https:\/\/api.w.org\/{rel}","templated":true}]}}