{"id":3727,"date":"2016-08-13T15:11:39","date_gmt":"2016-08-13T18:11:39","guid":{"rendered":"http:\/\/2015.defensoriaformosa.gob.ar\/?p=3727"},"modified":"2016-08-13T15:11:39","modified_gmt":"2016-08-13T18:11:39","slug":"fuerte-pronunciamiento-de-todos-los-defensores-del-pueblo-del-pais-ante-el-escandaloso-e-irregular-aumento-en-las-tarifas-de-los-servicios-publicos-esenciales-establecidos-por-el-gobierno-nacional","status":"publish","type":"post","link":"https:\/\/defensoriaformosa.gob.ar\/?p=3727","title":{"rendered":"FUERTE PRONUNCIAMIENTO DE TODOS LOS DEFENSORES DEL PUEBLO DEL PA\u00cdS ANTE EL ESCANDALOSO E IRREGULAR AUMENTO EN LAS TARIFAS DE LOS SERVICIOS P\u00daBLICOS ESENCIALES ESTABLECIDOS POR EL GOBIERNO NACIONAL"},"content":{"rendered":"<p style=\"text-align: justify;\"><strong>Los Defensores del Pueblo de la Republica Argentina, reunidos en la Ciudad de Corrientes y respecto de la situaci\u00f3n planteada en toda la Argentina con las tarifas, reafirmamos lo que venimos sosteniendo desde el mes de enero de este a\u00f1o:<\/strong><\/p>\n<p style=\"text-align: justify;\"><!--more--><\/p>\n<p style=\"text-align: justify;\">La aplicaci\u00f3n del nuevo cuadro tarifario adoleci\u00f3 y adolece de deficiencias en cuanto a lo normativo y en cuanto al reconocimiento de realidades regionales y sociales.<\/p>\n<p style=\"text-align: justify;\">Las medidas judiciales han sido la respuesta desde distintos sectores a la aplicaci\u00f3n de los aumentos sin cumplir con obligaciones b\u00e1sicas como por ejemplo la realizaci\u00f3n de las Audiencias P\u00fablicas previstas en la legislaci\u00f3n vigente.<\/p>\n<p style=\"text-align: justify;\">En ese sentido reafirmamos la necesidad de la realizaci\u00f3n de las Audiencias P\u00fablicas, donde el Gobierno Nacional detalle el cuadro de situaci\u00f3n Energ\u00e9tico actual, la propuesta de inversi\u00f3n y desarrollo como pol\u00edtica de estado de cara al futuro, la definici\u00f3n de las tarifas, la definici\u00f3n de la tarifa social ampliada, incluso con la posibilidad del acceso autom\u00e1tico a la misma, la consideraci\u00f3n de las econom\u00edas regionales, la situaci\u00f3n de las PyMEs, generadoras del 70% del empleo en la Argentina, la progresividad y la razonabilidad en los aumentos.<\/p>\n<p style=\"text-align: justify;\">Como Defensores del Pueblo de la Argentina, habremos de participar en las audiencias fijando no solo una postura com\u00fan, sino tambi\u00e9n detallando las situaciones propias con las caracter\u00edsticas de cada una de las provincias y municipios.<\/p>\n<p style=\"text-align: justify;\">Hemos decidido la presentaci\u00f3n ante la CSJN como -amicus curiae- para expresar en ese \u00e1mbito tambi\u00e9n las posturas que venimos sosteniendo. All\u00ed nuestro aporte es el de acercar la realidad inmediata de los vecinos, de los comercios, de las PyMEs y de propuestas que permitan hacer razonable, progresivo equilibrado y con responsabilidad social los aumentos que se definan.<\/p>\n<p style=\"text-align: justify;\">El estado tiene un rol central\u00a0\u00a0en la producci\u00f3n y administraci\u00f3n de la energ\u00eda, pero tambi\u00e9n y fundamentalmente, en la protecci\u00f3n de los sectores m\u00e1s vulnerados. El Estado es el ordenador social por naturaleza y ese es el rol que debe cumplir con mayor responsabilidad en esta etapa.<\/p>\n<p style=\"text-align: justify;\">Hoy hay incertidumbre, desorden y falta de certeza sobre lo que cada vecino debe hacer frente a los aumentos.<\/p>\n<p style=\"text-align: justify;\">Los Defensores del Pueblo de la Republica Argentina tenemos la obligaci\u00f3n de transmitir certeza, equilibrio y responsabilidad en nuestro accionar, pero fundamentalmente un absoluto compromiso social.<\/p>\n<p style=\"text-align: justify;\">Y eso es lo que estamos haciendo.<\/p>\n<p style=\"text-align: justify;\">Vemos con absoluta preocupaci\u00f3n la postura de algunas empresas energ\u00e9ticas que amenazan con cortes de servicios, amparados en la falta de aumentos por las medidas judiciales que hicieron lugar a medidas cautelares. No solo rechazamos esas expresiones, sino que las consideramos una amenaza sobre los usuarios que desconoce que los servicios de energ\u00eda constituyen derechos humanos b\u00e1sicos, y que su corte por parte de las empresas ser\u00e1 denunciado por las Defensor\u00edas ante la justicia.<\/p>\n<p style=\"text-align: justify;\">Los aumentos tarifarios est\u00e1n en el debate de toda la sociedad. Lo que se necesita es precisi\u00f3n, claridad, certeza y responsabilidad social en su aplicaci\u00f3n.<\/p>\n<p style=\"text-align: justify;\">Reafirmamos nuestro compromiso con la necesidad de la realizaci\u00f3n de las Audiencias P\u00fablicas, con la consideraci\u00f3n de las econom\u00edas regionales, el sostenimiento de las PyMEs, la tarifa social con base\u00a0\u00a0ampliada que incluya a usuarios que no tengan los tres servicios y de posibilidad de acceso autom\u00e1tico con criterios id\u00e9nticos tanto en agua, como en luz y gas, la progresividad y la razonabilidad de los incrementos.<\/p>\n","protected":false},"excerpt":{"rendered":"<p>Los Defensores del Pueblo de la Republica Argentina, reunidos en la Ciudad de Corrientes y respecto de la situaci\u00f3n planteada en toda la Argentina con las tarifas, reafirmamos lo que venimos sosteniendo desde el mes de enero de este a\u00f1o:<\/p>\n","protected":false},"author":1,"featured_media":3728,"comment_status":"closed","ping_status":"closed","sticky":false,"template":"","format":"standard","meta":{"footnotes":""},"categories":[1],"tags":[],"class_list":["post-3727","post","type-post","status-publish","format-standard","has-post-thumbnail","hentry","category-noticias"],"_links":{"self":[{"href":"https:\/\/defensoriaformosa.gob.ar\/index.php?rest_route=\/wp\/v2\/posts\/3727","targetHints":{"allow":["GET"]}}],"collection":[{"href":"https:\/\/defensoriaformosa.gob.ar\/index.php?rest_route=\/wp\/v2\/posts"}],"about":[{"href":"https:\/\/defensoriaformosa.gob.ar\/index.php?rest_route=\/wp\/v2\/types\/post"}],"author":[{"embeddable":true,"href":"https:\/\/defensoriaformosa.gob.ar\/index.php?rest_route=\/wp\/v2\/users\/1"}],"replies":[{"embeddable":true,"href":"https:\/\/defensoriaformosa.gob.ar\/index.php?rest_route=%2Fwp%2Fv2%2Fcomments&post=3727"}],"version-history":[{"count":1,"href":"https:\/\/defensoriaformosa.gob.ar\/index.php?rest_route=\/wp\/v2\/posts\/3727\/revisions"}],"predecessor-version":[{"id":3729,"href":"https:\/\/defensoriaformosa.gob.ar\/index.php?rest_route=\/wp\/v2\/posts\/3727\/revisions\/3729"}],"wp:featuredmedia":[{"embeddable":true,"href":"https:\/\/defensoriaformosa.gob.ar\/index.php?rest_route=\/wp\/v2\/media\/3728"}],"wp:attachment":[{"href":"https:\/\/defensoriaformosa.gob.ar\/index.php?rest_route=%2Fwp%2Fv2%2Fmedia&parent=3727"}],"wp:term":[{"taxonomy":"category","embeddable":true,"href":"https:\/\/defensoriaformosa.gob.ar\/index.php?rest_route=%2Fwp%2Fv2%2Fcategories&post=3727"},{"taxonomy":"post_tag","embeddable":true,"href":"https:\/\/defensoriaformosa.gob.ar\/index.php?rest_route=%2Fwp%2Fv2%2Ftags&post=3727"}],"curies":[{"name":"wp","href":"https:\/\/api.w.org\/{rel}","templated":true}]}}