{"id":3722,"date":"2016-08-13T14:59:35","date_gmt":"2016-08-13T17:59:35","guid":{"rendered":"http:\/\/2015.defensoriaformosa.gob.ar\/?p=3722"},"modified":"2016-08-13T15:04:00","modified_gmt":"2016-08-13T18:04:00","slug":"los-defensores-del-pueblo-de-todo-el-pais-temen-por-estallidos-sociales-tras-los-tarifazos-y-aumentos-desmesurados-de-los-alimentos","status":"publish","type":"post","link":"https:\/\/defensoriaformosa.gob.ar\/?p=3722","title":{"rendered":"LOS DEFENSORES DEL PUEBLO DE TODO EL PA\u00cdS TEMEN POR ESTALLIDOS SOCIALES TRAS LOS TARIFAZOS Y AUMENTOS DESMESURADOS DE LOS ALIMENTOS"},"content":{"rendered":"<p style=\"text-align: justify;\"><strong>Desde la Defensor\u00eda del Pueblo de la Provincia de Formosa, se informo que luego de dos d\u00edas de trabajos y gestiones a nivel nacional, en la ciudad de corrientes, y en el marco del II Plenario de ADPRA; los Ombudsman Provinciales, Municipales, el Representante de la Defensor\u00eda del Pueblo de Naci\u00f3n, junto a los Delegados de Provincias de cada jurisdicci\u00f3n de todo el pa\u00eds analizaron el esquema tarifario nacional de servi\u00adcios p\u00fablicos esenciales: energ\u00eda, gas y agua.<\/strong><\/p>\n<p style=\"text-align: justify;\"><!--more--><\/p>\n<p style=\"text-align: justify;\">Los mismos calificaron que la situa\u00adci\u00f3n es cr\u00edtica y admitieron que hay mucha incertidum\u00adbre y desesperaci\u00f3n en la sociedad, incluso afirmaron que aumentaron los comedores sociales sostenidos por las provincias, merenderos y la cantidad de asistentes a los mismos ante la actual crisis eco\u00adn\u00f3mica; remarcaron que es necesario que el Gobierno Nacional tome cartas en el asunto estableciendo subsidios en servicios p\u00fablicos esenciales para la supervivencia de la socie\u00addad en general.<\/p>\n<p style=\"text-align: justify;\">De esta manera, el Defensor del Pueblo de la Provincia de Formosa Dr. Jos\u00e9 Leonardo Gialluca, se\u00f1al\u00f3 a que lo que vivimos en la actualidad y por que atendemos, mano a mano a la gente, tanto de capital como de interior, es que se est\u00e1 poniendo en juego ante los reiterados aumentos de los productos alimentarios, las familias, entran en el dilema de alimentarse, o pagar las abultadas facturas de los servicios p\u00fablicos esenciales\u201d sin ir m\u00e1s lejos existen empleados municipales o jubilados que cobran $5.000 y recibieron facturas de aproximadamente $3.000.<\/p>\n<p style=\"text-align: justify;\">Todos coincidieron en que no nos oponemos a una revisi\u00f3n tarifaria, pero siempre y cuando la misma se haga con audiencias p\u00fablicas previas y no meras audiencias informativas que son ilegales y que los cuadros tarifarios, contemplen ineludiblemente todas las diferencias sociales, econ\u00f3micas, culturales y clim\u00e1ticas de las distintas regiones de todo el territorio nacional. Asimismo consideraron y exigieron al gobierno nacional, que no sea la corte suprema de justicia la que determine la pol\u00edtica energ\u00e9tica de la argentina, pues esta es una competencia exclusiva del poder ejecutivo.-<\/p>\n","protected":false},"excerpt":{"rendered":"<p>Desde la Defensor\u00eda del Pueblo de la Provincia de Formosa, se informo que luego de dos d\u00edas de trabajos y gestiones a nivel nacional, en la ciudad de corrientes, y en el marco del II Plenario de ADPRA; los Ombudsman Provinciales, Municipales, el Representante de la Defensor\u00eda del Pueblo de Naci\u00f3n, junto a los Delegados [&hellip;]<\/p>\n","protected":false},"author":1,"featured_media":3723,"comment_status":"closed","ping_status":"closed","sticky":false,"template":"","format":"standard","meta":{"footnotes":""},"categories":[1],"tags":[],"class_list":["post-3722","post","type-post","status-publish","format-standard","has-post-thumbnail","hentry","category-noticias"],"_links":{"self":[{"href":"https:\/\/defensoriaformosa.gob.ar\/index.php?rest_route=\/wp\/v2\/posts\/3722","targetHints":{"allow":["GET"]}}],"collection":[{"href":"https:\/\/defensoriaformosa.gob.ar\/index.php?rest_route=\/wp\/v2\/posts"}],"about":[{"href":"https:\/\/defensoriaformosa.gob.ar\/index.php?rest_route=\/wp\/v2\/types\/post"}],"author":[{"embeddable":true,"href":"https:\/\/defensoriaformosa.gob.ar\/index.php?rest_route=\/wp\/v2\/users\/1"}],"replies":[{"embeddable":true,"href":"https:\/\/defensoriaformosa.gob.ar\/index.php?rest_route=%2Fwp%2Fv2%2Fcomments&post=3722"}],"version-history":[{"count":3,"href":"https:\/\/defensoriaformosa.gob.ar\/index.php?rest_route=\/wp\/v2\/posts\/3722\/revisions"}],"predecessor-version":[{"id":3726,"href":"https:\/\/defensoriaformosa.gob.ar\/index.php?rest_route=\/wp\/v2\/posts\/3722\/revisions\/3726"}],"wp:featuredmedia":[{"embeddable":true,"href":"https:\/\/defensoriaformosa.gob.ar\/index.php?rest_route=\/wp\/v2\/media\/3723"}],"wp:attachment":[{"href":"https:\/\/defensoriaformosa.gob.ar\/index.php?rest_route=%2Fwp%2Fv2%2Fmedia&parent=3722"}],"wp:term":[{"taxonomy":"category","embeddable":true,"href":"https:\/\/defensoriaformosa.gob.ar\/index.php?rest_route=%2Fwp%2Fv2%2Fcategories&post=3722"},{"taxonomy":"post_tag","embeddable":true,"href":"https:\/\/defensoriaformosa.gob.ar\/index.php?rest_route=%2Fwp%2Fv2%2Ftags&post=3722"}],"curies":[{"name":"wp","href":"https:\/\/api.w.org\/{rel}","templated":true}]}}