{"id":3718,"date":"2016-08-12T21:40:40","date_gmt":"2016-08-13T00:40:40","guid":{"rendered":"http:\/\/2015.defensoriaformosa.gob.ar\/?p=3718"},"modified":"2016-08-12T21:40:40","modified_gmt":"2016-08-13T00:40:40","slug":"a-propuesta-de-la-defensoria-del-pueblo-de-formosa","status":"publish","type":"post","link":"https:\/\/defensoriaformosa.gob.ar\/?p=3718","title":{"rendered":"A PROPUESTA DE LA DEFENSORIA DEL PUEBLO DE FORMOSA"},"content":{"rendered":"<p style=\"text-align: justify;\"><strong>ADPRA emiti\u00f3 una Declaraci\u00f3n instando al Gobierno Nacional a que garantice la reactivaci\u00f3n del Ramal C-25<\/strong><\/p>\n<p style=\"text-align: justify;\"><!--more--><\/p>\n<p style=\"text-align: justify;\">En el marco del II Plenario de Defensores del Pueblo de todo el pa\u00eds, que se lleva a cabo en la ciudad capital de Corrientes, la Defensor\u00eda del Pueblo de Formosa, representada por su titular, Jos\u00e9 Leonardo Gialluca, quien acudi\u00f3 acompa\u00f1ado por el encargado de la Oficina de Quejas del Defensor del Pueblo de la Naci\u00f3n en la Provincia, Julio N\u00e9stor Santander, present\u00f3 una propuesta de Declaraci\u00f3n de la Asociaci\u00f3n de Defensores del Pueblo de la Rep\u00fablica Argentina (ADPRA) para que se reactiven todas las obras ferroviarias actualmente paralizadas en el NEA y NOA, especialmente el Ramal C-25 del Ferrocaril General Belgrano que, casi en su totalidad, recorre el territorio provincial. Sobre este particular, el Ombudsman Provincial expres\u00f3: \u201cNo debemos enga\u00f1arnos, sin dudas, para el Estado Nacional, es evidente que la reactivaci\u00f3n del C-25 no es una obra estrat\u00e9gica, porque sino ya la estar\u00edan ejecutando. Sin embargo para nosotros, los formose\u00f1os, si resulta estrat\u00e9gico el volver a contar con el medio de transporte m\u00e1s econ\u00f3mico y seguro del mundo, fundamental para hacer llegar a nuestro puerto la producci\u00f3n primaria del interior y as\u00ed tener oportunidad de presentarlos a los grandes centros urbanos nacionales a precios competitivos y\/o, eventualmente, destinarlos de manera fluida a otros pa\u00edses.<\/p>\n<p style=\"text-align: justify;\">En el marco del fomento de corredores bioce\u00e1nicos a trav\u00e9s de los diferentes medios de transporte. Agradecemos a todos los Defensores del Pueblo de la Rep\u00fablica Argentina, presentes en Corrientes, porque han comprendido el planteo que le formulamos y han resuelto, de manera un\u00e1nime apoyar la instancia que, en principio, ser\u00e1 dirigida a Guillermo Dietrich, Ministro de Transporte de la Naci\u00f3n y al titular de la Unidad de\u00a0Plan Belgrano\u00a0(UPB) Jos\u00e9 Cano, hombre que, esperamos que por ser tucumano, parte del NOA, comprenda la importancia de reactivar el Ramal C-25 del Ferrocarril General Belgrano, no descartando que, en pr\u00f3ximos Plenarios, el requerimiento sea incluso elevado al Presidente Macri, ante la falta de respuesta de los nombrados.-\u201d<\/p>\n","protected":false},"excerpt":{"rendered":"<p>ADPRA emiti\u00f3 una Declaraci\u00f3n instando al Gobierno Nacional a que garantice la reactivaci\u00f3n del Ramal C-25<\/p>\n","protected":false},"author":1,"featured_media":3720,"comment_status":"closed","ping_status":"closed","sticky":false,"template":"","format":"standard","meta":{"footnotes":""},"categories":[1],"tags":[],"class_list":["post-3718","post","type-post","status-publish","format-standard","has-post-thumbnail","hentry","category-noticias"],"_links":{"self":[{"href":"https:\/\/defensoriaformosa.gob.ar\/index.php?rest_route=\/wp\/v2\/posts\/3718","targetHints":{"allow":["GET"]}}],"collection":[{"href":"https:\/\/defensoriaformosa.gob.ar\/index.php?rest_route=\/wp\/v2\/posts"}],"about":[{"href":"https:\/\/defensoriaformosa.gob.ar\/index.php?rest_route=\/wp\/v2\/types\/post"}],"author":[{"embeddable":true,"href":"https:\/\/defensoriaformosa.gob.ar\/index.php?rest_route=\/wp\/v2\/users\/1"}],"replies":[{"embeddable":true,"href":"https:\/\/defensoriaformosa.gob.ar\/index.php?rest_route=%2Fwp%2Fv2%2Fcomments&post=3718"}],"version-history":[{"count":1,"href":"https:\/\/defensoriaformosa.gob.ar\/index.php?rest_route=\/wp\/v2\/posts\/3718\/revisions"}],"predecessor-version":[{"id":3721,"href":"https:\/\/defensoriaformosa.gob.ar\/index.php?rest_route=\/wp\/v2\/posts\/3718\/revisions\/3721"}],"wp:featuredmedia":[{"embeddable":true,"href":"https:\/\/defensoriaformosa.gob.ar\/index.php?rest_route=\/wp\/v2\/media\/3720"}],"wp:attachment":[{"href":"https:\/\/defensoriaformosa.gob.ar\/index.php?rest_route=%2Fwp%2Fv2%2Fmedia&parent=3718"}],"wp:term":[{"taxonomy":"category","embeddable":true,"href":"https:\/\/defensoriaformosa.gob.ar\/index.php?rest_route=%2Fwp%2Fv2%2Fcategories&post=3718"},{"taxonomy":"post_tag","embeddable":true,"href":"https:\/\/defensoriaformosa.gob.ar\/index.php?rest_route=%2Fwp%2Fv2%2Ftags&post=3718"}],"curies":[{"name":"wp","href":"https:\/\/api.w.org\/{rel}","templated":true}]}}