{"id":3713,"date":"2016-08-11T20:57:46","date_gmt":"2016-08-11T23:57:46","guid":{"rendered":"http:\/\/2015.defensoriaformosa.gob.ar\/?p=3713"},"modified":"2016-08-11T20:58:33","modified_gmt":"2016-08-11T23:58:33","slug":"declaracion-de-adpra-en-la-ciudad-de-corrientes","status":"publish","type":"post","link":"https:\/\/defensoriaformosa.gob.ar\/?p=3713","title":{"rendered":"DECLARACION DE ADPRA EN LA CIUDAD DE CORRIENTES"},"content":{"rendered":"<p style=\"text-align: center;\"><strong>30 mil no es un n\u00famero, es un s\u00edmbolo<\/strong><\/p>\n<p style=\"text-align: center;\"><strong>Los defensores del Pueblo de la Rep\u00fablica Argentina reunidos en la ciudad de Corrientes, entre los que se encuentra la Provincia de Formosa, abrazamos y acompa\u00f1amos a los organismos de Derechos Humanos que en pos de obtener verdad y justicia, introdujeron el tema de los 30 mil desaparecidos como un s\u00edmbolo de la lucha por la vigencia irrestricta de los Derechos Humanos en nuestro pa\u00eds.<\/strong><\/p>\n<p><img loading=\"lazy\" decoding=\"async\" class=\"aligncenter size-full wp-image-3714\" src=\"https:\/\/2015.defensoriaformosa.gob.ar\/wp-content\/uploads\/2016\/08\/desaparecidos.jpg\" alt=\"desaparecidos\" width=\"400\" height=\"240\" srcset=\"https:\/\/defensoriaformosa.gob.ar\/wp-content\/uploads\/2016\/08\/desaparecidos.jpg 400w, https:\/\/defensoriaformosa.gob.ar\/wp-content\/uploads\/2016\/08\/desaparecidos-300x180.jpg 300w\" sizes=\"auto, (max-width: 400px) 100vw, 400px\" \/><\/p>\n<p style=\"text-align: center;\"><strong>Los s\u00edmbolos, no se mensuran, los s\u00edmbolos se respetan.<\/strong><\/p>\n","protected":false},"excerpt":{"rendered":"<p>30 mil no es un n\u00famero, es un s\u00edmbolo Los defensores del Pueblo de la Rep\u00fablica Argentina reunidos en la ciudad de Corrientes, entre los que se encuentra la Provincia de Formosa, abrazamos y acompa\u00f1amos a los organismos de Derechos Humanos que en pos de obtener verdad y justicia, introdujeron el tema de los 30 [&hellip;]<\/p>\n","protected":false},"author":1,"featured_media":0,"comment_status":"closed","ping_status":"closed","sticky":false,"template":"","format":"standard","meta":{"footnotes":""},"categories":[1],"tags":[],"class_list":["post-3713","post","type-post","status-publish","format-standard","hentry","category-noticias"],"_links":{"self":[{"href":"https:\/\/defensoriaformosa.gob.ar\/index.php?rest_route=\/wp\/v2\/posts\/3713","targetHints":{"allow":["GET"]}}],"collection":[{"href":"https:\/\/defensoriaformosa.gob.ar\/index.php?rest_route=\/wp\/v2\/posts"}],"about":[{"href":"https:\/\/defensoriaformosa.gob.ar\/index.php?rest_route=\/wp\/v2\/types\/post"}],"author":[{"embeddable":true,"href":"https:\/\/defensoriaformosa.gob.ar\/index.php?rest_route=\/wp\/v2\/users\/1"}],"replies":[{"embeddable":true,"href":"https:\/\/defensoriaformosa.gob.ar\/index.php?rest_route=%2Fwp%2Fv2%2Fcomments&post=3713"}],"version-history":[{"count":2,"href":"https:\/\/defensoriaformosa.gob.ar\/index.php?rest_route=\/wp\/v2\/posts\/3713\/revisions"}],"predecessor-version":[{"id":3716,"href":"https:\/\/defensoriaformosa.gob.ar\/index.php?rest_route=\/wp\/v2\/posts\/3713\/revisions\/3716"}],"wp:attachment":[{"href":"https:\/\/defensoriaformosa.gob.ar\/index.php?rest_route=%2Fwp%2Fv2%2Fmedia&parent=3713"}],"wp:term":[{"taxonomy":"category","embeddable":true,"href":"https:\/\/defensoriaformosa.gob.ar\/index.php?rest_route=%2Fwp%2Fv2%2Fcategories&post=3713"},{"taxonomy":"post_tag","embeddable":true,"href":"https:\/\/defensoriaformosa.gob.ar\/index.php?rest_route=%2Fwp%2Fv2%2Ftags&post=3713"}],"curies":[{"name":"wp","href":"https:\/\/api.w.org\/{rel}","templated":true}]}}