{"id":3708,"date":"2016-08-11T19:35:03","date_gmt":"2016-08-11T22:35:03","guid":{"rendered":"http:\/\/2015.defensoriaformosa.gob.ar\/?p=3708"},"modified":"2016-08-11T19:35:03","modified_gmt":"2016-08-11T22:35:03","slug":"en-la-reunion-de-adpra-en-corrientes-se-pidio-que-el-gobierno-nacional-no-vulnere-el-actual-estado-de-derecho-haciendo-uso-de-los-datos-personales-de-los-argentinos","status":"publish","type":"post","link":"https:\/\/defensoriaformosa.gob.ar\/?p=3708","title":{"rendered":"EN LA REUNION DE ADPRA EN CORRIENTES SE PIDIO QUE EL GOBIERNO NACIONAL NO VULNERE EL ACTUAL ESTADO DE DERECHO HACIENDO USO DE LOS DATOS PERSONALES DE LOS ARGENTINOS"},"content":{"rendered":"<p style=\"text-align: justify;\"><strong>-Se rechaz\u00f3 un\u00e1nimemente la falta de respeto a los desaparecidos y a sus familiares por parte del se\u00f1or Presidente de la Naci\u00f3n-<\/strong><\/p>\n<p style=\"text-align: justify;\"><!--more--><\/p>\n<p style=\"text-align: justify;\">En el d\u00eda de ayer en el Sal\u00f3n Victoria Plaza, de la Ciudad de Corrientes se dio inicio al II Plenario anual ADPRA 2016 y de la cual se encuentran participando, el Ombudsman Provincial Dr. Jos\u00e9 Leonardo Gialluca junto al Representante de la Defensor\u00eda del Pueblo de Naci\u00f3n Dr. Julio N\u00e9stor Santander. El inicio de la Jornada estuvo presidida por el Defensor del Pueblo de los Vecinos de la Ciudad de Corrientes Sr. Javier Rodr\u00edguez, y el Sr. Intendente Ing. Fabi\u00e1n R\u00edos.<\/p>\n<p style=\"text-align: justify;\">En la oportunidad se dio la bienvenida al nuevo Defensor del Pueblo de la Provincia de Santa Fe Dr. Ra\u00fal Lamberto y tambi\u00e9n al Defensor del Pueblo de Posadas Dr. Alejandro Cohen. Luego de algunas palabras protocolares, se pas\u00f3 al an\u00e1lisis sobre la Protecci\u00f3n de Datos que la ANSES cede a la Secretaria de Comunicaci\u00f3n Publica de Naci\u00f3n a cargo de Jorge Grecco\u00a0 y en donde se hizo lugar en forma un\u00e1nime a la propuesta de la Defensor\u00eda del Pueblo de Formosa y por ello todos coincidieron en que, \u00abla utilizaci\u00f3n grosera y la manipulaci\u00f3n de datos personales de los ciudadanos argentinos fuere cual fuere el gobierno de turno\u00bb es un hecho que viola no solamente la ley vigente sobre la materia, sino que se decidi\u00f3 pedir al Sr. presidente de la naci\u00f3n Mauricio Macri a que ordene deje sin efecto esta Resoluci\u00f3n dictada antijur\u00eddicamente. Por otro lado se record\u00f3 que fue el actual Jefe de Gabinete Marcos Pe\u00f1a quien refrendo la Ley N\u00b0 1.875 de la Cuidad de Buenos Aires que estableci\u00f3 justamente la protecci\u00f3n de los datos personales y ahora estando en el gobierno nacional, adopto una postura contraria que no deber\u00eda judicializarse sino directamente ser dejada sin efecto por el\u00a0 mismo Poder Ejecutivo Nacional. Asimismo en cuanto a la modificaci\u00f3n del Plan PROCREAR se rechazaron las \u00faltimas modificaciones llevadas a cabo por el gobierno nacional, puesto que con el nuevo mecanismo de actualizaci\u00f3n de cuotas por inflaci\u00f3n, se deja afuera a todas aquellas personas que ten\u00edan alguna posibilidad de ingresar y que son las franjas sociales m\u00e1s vulnerables, que actualmente viven en alquileres o no poseen un lugar digno para su familia. Sin desconocer que las adjudicaciones anteriormente eran por sorteo y ahora es atraves de un registro que obviamente es sumamente vulnerable y da la posibilidad que sea manejado por el Estado Nacional.<\/p>\n<p style=\"text-align: justify;\">En este momento se redacta un documento contra las afirmaciones del Presidente de la Naci\u00f3n que justifico la represi\u00f3n y por ello ADPRA entiende que poner un n\u00famero de desaparecidos, no se debe discutir, puesto que quien lo hace, le falta el respeto a todos los desaparecidos durante la dictadura militar, a sus familiares y a todos los argentinos, en consecuencia se acord\u00f3 un\u00e1nimemente que el \u00fanico camino es el de la reivindicaci\u00f3n de la Verdad, la Justicia y Memoria. En el d\u00eda de la fecha continua este Plenario sobre otros puntos como el de las tarifas de servicios p\u00fablicos, voto electr\u00f3nico y dem\u00e1s.-<\/p>\n<p style=\"text-align: center;\"><img loading=\"lazy\" decoding=\"async\" class=\"aligncenter wp-image-3710\" src=\"https:\/\/2015.defensoriaformosa.gob.ar\/wp-content\/uploads\/2016\/08\/adpra-corrientes3.jpg\" alt=\"adpra corrientes3\" width=\"480\" height=\"271\" srcset=\"https:\/\/defensoriaformosa.gob.ar\/wp-content\/uploads\/2016\/08\/adpra-corrientes3.jpg 516w, https:\/\/defensoriaformosa.gob.ar\/wp-content\/uploads\/2016\/08\/adpra-corrientes3-300x169.jpg 300w\" sizes=\"auto, (max-width: 480px) 100vw, 480px\" \/><\/p>\n<p style=\"text-align: center;\"><img loading=\"lazy\" decoding=\"async\" class=\"aligncenter wp-image-3711\" src=\"https:\/\/2015.defensoriaformosa.gob.ar\/wp-content\/uploads\/2016\/08\/adpra-corrientes2.jpg\" alt=\"adpra corrientes2\" width=\"480\" height=\"288\" srcset=\"https:\/\/defensoriaformosa.gob.ar\/wp-content\/uploads\/2016\/08\/adpra-corrientes2.jpg 640w, https:\/\/defensoriaformosa.gob.ar\/wp-content\/uploads\/2016\/08\/adpra-corrientes2-300x180.jpg 300w\" sizes=\"auto, (max-width: 480px) 100vw, 480px\" \/><\/p>\n","protected":false},"excerpt":{"rendered":"<p>-Se rechaz\u00f3 un\u00e1nimemente la falta de respeto a los desaparecidos y a sus familiares por parte del se\u00f1or Presidente de la Naci\u00f3n-<\/p>\n","protected":false},"author":1,"featured_media":3709,"comment_status":"closed","ping_status":"closed","sticky":false,"template":"","format":"standard","meta":{"footnotes":""},"categories":[1],"tags":[],"class_list":["post-3708","post","type-post","status-publish","format-standard","has-post-thumbnail","hentry","category-noticias"],"_links":{"self":[{"href":"https:\/\/defensoriaformosa.gob.ar\/index.php?rest_route=\/wp\/v2\/posts\/3708","targetHints":{"allow":["GET"]}}],"collection":[{"href":"https:\/\/defensoriaformosa.gob.ar\/index.php?rest_route=\/wp\/v2\/posts"}],"about":[{"href":"https:\/\/defensoriaformosa.gob.ar\/index.php?rest_route=\/wp\/v2\/types\/post"}],"author":[{"embeddable":true,"href":"https:\/\/defensoriaformosa.gob.ar\/index.php?rest_route=\/wp\/v2\/users\/1"}],"replies":[{"embeddable":true,"href":"https:\/\/defensoriaformosa.gob.ar\/index.php?rest_route=%2Fwp%2Fv2%2Fcomments&post=3708"}],"version-history":[{"count":1,"href":"https:\/\/defensoriaformosa.gob.ar\/index.php?rest_route=\/wp\/v2\/posts\/3708\/revisions"}],"predecessor-version":[{"id":3712,"href":"https:\/\/defensoriaformosa.gob.ar\/index.php?rest_route=\/wp\/v2\/posts\/3708\/revisions\/3712"}],"wp:featuredmedia":[{"embeddable":true,"href":"https:\/\/defensoriaformosa.gob.ar\/index.php?rest_route=\/wp\/v2\/media\/3709"}],"wp:attachment":[{"href":"https:\/\/defensoriaformosa.gob.ar\/index.php?rest_route=%2Fwp%2Fv2%2Fmedia&parent=3708"}],"wp:term":[{"taxonomy":"category","embeddable":true,"href":"https:\/\/defensoriaformosa.gob.ar\/index.php?rest_route=%2Fwp%2Fv2%2Fcategories&post=3708"},{"taxonomy":"post_tag","embeddable":true,"href":"https:\/\/defensoriaformosa.gob.ar\/index.php?rest_route=%2Fwp%2Fv2%2Ftags&post=3708"}],"curies":[{"name":"wp","href":"https:\/\/api.w.org\/{rel}","templated":true}]}}